{"id":21661,"date":"2021-02-09T12:15:50","date_gmt":"2021-02-09T15:15:50","guid":{"rendered":"http:\/\/duraznohoy.com\/?p=21661"},"modified":"2021-02-09T17:05:59","modified_gmt":"2021-02-09T20:05:59","slug":"incidente-lamentable-en-el-corralon-municipal","status":"publish","type":"post","link":"https:\/\/duraznohoy.com\/?p=21661","title":{"rendered":"Incidente lamentable en el Corral\u00f3n Municipal."},"content":{"rendered":"<h3 style=\"text-align: right;\">Directivos de la Asociaci\u00f3n de Funcionarios Municipales de Durazno y funcionarios del Corral\u00f3n municipal, prestaban declaraciones esta ma\u00f1ana, tras un incidente protagonizado por un ex edil nacionalista y actual primer suplente.<\/h3>\n<p>De acuerdo a lo indicado por el Presidente de ADEOM, <strong>Yamand\u00fa Coirolo y Cristina Cantero<\/strong>, al programa Alternativa de Radio Durazno, en la ma\u00f1ana de este martes el ex edil Santiago Petutto, ingres\u00f3 al Corral\u00f3n Municipal, exigiendo que se le pusiera combustible a su veh\u00edculo. Le preguntaron si ten\u00eda una orden y se\u00f1al\u00f3 que solo era verbal, por lo cual se le inform\u00f3 que no pod\u00edan acceder a su pedido.<\/p>\n<p><img loading=\"lazy\" decoding=\"async\" class=\"size-medium wp-image-21665 alignright\" src=\"https:\/\/duraznohoy.com\/wp-content\/uploads\/2021\/02\/CORRALON-PETUTO-1-252x300.jpg\" alt=\"\" width=\"252\" height=\"300\" srcset=\"https:\/\/duraznohoy.com\/wp-content\/uploads\/2021\/02\/CORRALON-PETUTO-1-252x300.jpg 252w, https:\/\/duraznohoy.com\/wp-content\/uploads\/2021\/02\/CORRALON-PETUTO-1.jpg 270w\" sizes=\"auto, (max-width: 252px) 100vw, 252px\" \/>Esto origin\u00f3 la reacci\u00f3n en\u00e9rgica y fuera de lugar del ex curul, arremetieno f\u00edsicamente contra funcionarios, algunos de los cuales resultaron lesionados en el intento de tranquilizarlo.<\/p>\n<p>Los directivos se\u00f1alados, indicaron que estar\u00e1n presntando una denuncia penal ante la Justicia y que esperan que la administraci\u00f3n Municipal tambi\u00e9n lo haga. <\/p>\n","protected":false},"excerpt":{"rendered":"<p>Directivos de la Asociaci\u00f3n de Funcionarios Municipales de Durazno y funcionarios del Corral\u00f3n municipal, prestaban&#8230;<\/p>\n","protected":false},"author":2,"featured_media":21662,"comment_status":"closed","ping_status":"closed","sticky":false,"template":"","format":"standard","meta":{"footnotes":"","jetpack_publicize_message":"{title}\n\n{excerpt}\n\n{url}","jetpack_publicize_feature_enabled":true,"jetpack_social_post_already_shared":true,"jetpack_social_options":{"image_generator_settings":{"template":"fullscreen","default_image_id":0,"font":"","enabled":false},"version":2},"_wpas_customize_per_network":false},"categories":[33],"tags":[],"class_list":["post-21661","post","type-post","status-publish","format-standard","has-post-thumbnail","hentry","category-actualidad"],"jetpack_publicize_connections":[],"_links":{"self":[{"href":"https:\/\/duraznohoy.com\/index.php?rest_route=\/wp\/v2\/posts\/21661","targetHints":{"allow":["GET"]}}],"collection":[{"href":"https:\/\/duraznohoy.com\/index.php?rest_route=\/wp\/v2\/posts"}],"about":[{"href":"https:\/\/duraznohoy.com\/index.php?rest_route=\/wp\/v2\/types\/post"}],"author":[{"embeddable":true,"href":"https:\/\/duraznohoy.com\/index.php?rest_route=\/wp\/v2\/users\/2"}],"replies":[{"embeddable":true,"href":"https:\/\/duraznohoy.com\/index.php?rest_route=%2Fwp%2Fv2%2Fcomments&post=21661"}],"version-history":[{"count":0,"href":"https:\/\/duraznohoy.com\/index.php?rest_route=\/wp\/v2\/posts\/21661\/revisions"}],"wp:featuredmedia":[{"embeddable":true,"href":"https:\/\/duraznohoy.com\/index.php?rest_route=\/wp\/v2\/media\/21662"}],"wp:attachment":[{"href":"https:\/\/duraznohoy.com\/index.php?rest_route=%2Fwp%2Fv2%2Fmedia&parent=21661"}],"wp:term":[{"taxonomy":"category","embeddable":true,"href":"https:\/\/duraznohoy.com\/index.php?rest_route=%2Fwp%2Fv2%2Fcategories&post=21661"},{"taxonomy":"post_tag","embeddable":true,"href":"https:\/\/duraznohoy.com\/index.php?rest_route=%2Fwp%2Fv2%2Ftags&post=21661"}],"curies":[{"name":"wp","href":"https:\/\/api.w.org\/{rel}","templated":true}]}}