{"id":21668,"date":"2021-02-09T21:30:09","date_gmt":"2021-02-10T00:30:09","guid":{"rendered":"http:\/\/duraznohoy.com\/?p=21668"},"modified":"2021-02-09T21:30:09","modified_gmt":"2021-02-10T00:30:09","slug":"pymes-pagar-menos-impuestos","status":"publish","type":"post","link":"https:\/\/duraznohoy.com\/?p=21668","title":{"rendered":"Pymes: pagar menos impuestos."},"content":{"rendered":"<p style=\"text-align: left;\"><strong>La\u00a0Direcci\u00f3n General Impositiva (DGI)\u00a0estableci\u00f3 que las\u00a0pymes\u00a0comprendidas en el\u00a0Literal E\u00a0pueden optar por pagar un porcentaje de sus ventas en lugar de una cuota fija si ingresan al r\u00e9gimen de\u00a0facturaci\u00f3n electr\u00f3nica. Con este c\u00e1lculo, el valor a pagar siempre ser\u00e1 menor a la cuota fija que pagaban hasta ahora especialmente al considerar los pagos durante el a\u00f1o.<br \/>\n<\/strong>En concreto, \u00a0son aquellas\u00a0 empresas con ingresos menores a 305.000 UI al a\u00f1o (equivalente a unos $ 1.459.425 o $ 120.000 mensual aproximadamente). Hasta ahora, el r\u00e9gimen de IVA M\u00ednimo establec\u00eda \u00fanicamente el pago de un monto fijo mensual de $ 4.380.<\/p>\n<p>Con el nuevo\u00a0<strong>beneficio fiscal<\/strong>\u00a0que ofrece la DGI, se puede optar por abonar el 3,3% de las ventas del mes, reduciendo su aporte sustancialmente. No obstante, vale recalcar que este aplica, siempre y cuando, la empresa ingrese a la facturaci\u00f3n electr\u00f3nica.<\/p>\n<p>Y es que el organismo regulatorio desde hace a\u00f1os que lleva adelante un plan para que se vayan sumando de forma paulatina y su meta es incluir a todos los contribuyentes en el r\u00e9gimen de la e-factura. Por tal motivo, incentiva con diferentes acciones su incorporaci\u00f3n.<\/p>\n<p style=\"text-align: left;\"><strong><em>\u201cEste es un beneficio s\u00faper fuerte. Si por ejemplo, la empresa factura $ 100.000 en el mes, paga $ 3.300. En caso de ser $ 50.000, aportar\u00eda $ 1.650. Si ocurre un extremo, de no tener ventas por tratarse de un negocio zafral, por pandemia o alg\u00fan otro motivo, abona 0\u201d,<\/em><\/strong> explic\u00f3 el CMO &amp; gerente comercial de<strong>\u00a0<a href=\"https:\/\/www.memory.com.uy\/factura-electronica-literal-e\/\">Memory<\/a>,<\/strong>\u00a0el contador <strong>Federico Hornes.<\/strong><\/p>\n<p>Sin embargo, aclar\u00f3 que el tope es la cuota inicial. <strong><em>\u201cSi se trata una jugueter\u00eda que en Navidad factura $ 300.000, ese mes no pagar\u00e1 el 3,3% ($ 9.900) sino $ 4.380. Entonces, s\u00ed o s\u00ed el contribuyente ahorra\u201d,<\/em><\/strong> especific\u00f3 el contador.<\/p>\n<p style=\"text-align: left;\">Para incentivar su adopci\u00f3n contin\u00faa vigente adem\u00e1s el beneficio fiscal de 80 UI (unos $ 382) que puede subvencionar el costo del software de la e-factura. La\u00a0<strong>compa\u00f1\u00eda l\u00edder dedicada al desarrollo de software administrativo en Uruguay<\/strong>,\u00a0<strong><a href=\"https:\/\/www.memory.com.uy\/factura-electronica-literal-e\/\">Memory<\/a><\/strong>\u00a0tiene soluciones de ese importe espec\u00edficamente contemplando las necesidades de este tipo de empresas.<\/p>\n<p style=\"text-align: left;\"><strong>\u00a0<\/strong><\/p>\n<p style=\"text-align: left;\"><strong>Cuota escalonada<\/strong><\/p>\n<p style=\"text-align: left;\">Asimismo, para incentivar a que m\u00e1s pymes opten por sumarse a la efactura la cuota ser\u00e1 escalonada. Quienes inicien actividades en este a\u00f1o, obtendr\u00e1n el beneficio de reducci\u00f3n del pago de la siguiente manera:<\/p>\n<p style=\"text-align: left;\">Durante el primer a\u00f1o de actividades pagar\u00e1n un 25% de la cuota; en los segundos 12 meses pagar\u00e1n un 50%; y en los terceros 12 meses, el 100% de la cuota.<\/p>\n<p style=\"text-align: left;\"><strong><em>\u201cNuestro foco son las pymes y estamos 100% preparados para atender a estas empresas -son unas 30.000- y requieren de varios tipos de apoyos para implementar estos software, ya sea asesoramiento, soporte, atenci\u00f3n personalizado. Tenemos el servicio espec\u00edfico para las peque\u00f1as empresas\u201d<\/em><\/strong>, asegur\u00f3 el contador Federico Hornes, gerente comercial de Memory.<\/p>\n<p style=\"text-align: left;\">\n<p style=\"text-align: left;\">Fuente: EL PAIS<\/p>\n","protected":false},"excerpt":{"rendered":"<p>La\u00a0Direcci\u00f3n General Impositiva (DGI)\u00a0estableci\u00f3 que las\u00a0pymes\u00a0comprendidas en el\u00a0Literal E\u00a0pueden optar por pagar un porcentaje de&#8230;<\/p>\n","protected":false},"author":2,"featured_media":21673,"comment_status":"closed","ping_status":"closed","sticky":false,"template":"","format":"standard","meta":{"footnotes":"","jetpack_publicize_message":"{title}\n\n{excerpt}\n\n{url}","jetpack_publicize_feature_enabled":true,"jetpack_social_post_already_shared":true,"jetpack_social_options":{"image_generator_settings":{"template":"fullscreen","default_image_id":0,"font":"","enabled":false},"version":2},"_wpas_customize_per_network":false},"categories":[51],"tags":[],"class_list":["post-21668","post","type-post","status-publish","format-standard","has-post-thumbnail","hentry","category-empresariales"],"jetpack_publicize_connections":[],"_links":{"self":[{"href":"https:\/\/duraznohoy.com\/index.php?rest_route=\/wp\/v2\/posts\/21668","targetHints":{"allow":["GET"]}}],"collection":[{"href":"https:\/\/duraznohoy.com\/index.php?rest_route=\/wp\/v2\/posts"}],"about":[{"href":"https:\/\/duraznohoy.com\/index.php?rest_route=\/wp\/v2\/types\/post"}],"author":[{"embeddable":true,"href":"https:\/\/duraznohoy.com\/index.php?rest_route=\/wp\/v2\/users\/2"}],"replies":[{"embeddable":true,"href":"https:\/\/duraznohoy.com\/index.php?rest_route=%2Fwp%2Fv2%2Fcomments&post=21668"}],"version-history":[{"count":0,"href":"https:\/\/duraznohoy.com\/index.php?rest_route=\/wp\/v2\/posts\/21668\/revisions"}],"wp:featuredmedia":[{"embeddable":true,"href":"https:\/\/duraznohoy.com\/index.php?rest_route=\/wp\/v2\/media\/21673"}],"wp:attachment":[{"href":"https:\/\/duraznohoy.com\/index.php?rest_route=%2Fwp%2Fv2%2Fmedia&parent=21668"}],"wp:term":[{"taxonomy":"category","embeddable":true,"href":"https:\/\/duraznohoy.com\/index.php?rest_route=%2Fwp%2Fv2%2Fcategories&post=21668"},{"taxonomy":"post_tag","embeddable":true,"href":"https:\/\/duraznohoy.com\/index.php?rest_route=%2Fwp%2Fv2%2Ftags&post=21668"}],"curies":[{"name":"wp","href":"https:\/\/api.w.org\/{rel}","templated":true}]}}