{"id":21670,"date":"2021-02-09T21:18:11","date_gmt":"2021-02-10T00:18:11","guid":{"rendered":"http:\/\/duraznohoy.com\/?p=21670"},"modified":"2021-02-09T21:18:11","modified_gmt":"2021-02-10T00:18:11","slug":"hay-20-nuevos-casos-de-covid-19","status":"publish","type":"post","link":"https:\/\/duraznohoy.com\/?p=21670","title":{"rendered":"Hay 20 nuevos casos de Covid-19"},"content":{"rendered":"<p><img loading=\"lazy\" decoding=\"async\" src=\"https:\/\/duraznohoy.com\/wp-content\/uploads\/2021\/02\/IMG-20210209-WA0048-141x300.jpg\" alt=\"\" width=\"141\" height=\"300\" class=\"alignnone size-medium wp-image-21671\" srcset=\"https:\/\/duraznohoy.com\/wp-content\/uploads\/2021\/02\/IMG-20210209-WA0048-141x300.jpg 141w, https:\/\/duraznohoy.com\/wp-content\/uploads\/2021\/02\/IMG-20210209-WA0048-480x1024.jpg 480w, https:\/\/duraznohoy.com\/wp-content\/uploads\/2021\/02\/IMG-20210209-WA0048.jpg 600w\" sizes=\"auto, (max-width: 141px) 100vw, 141px\" \/><br \/>\nEl Comit\u00e9 Departamental de Emergencias de Durazno mantuvo en la presente jornada una nueva reuni\u00f3n la que fue presidida por el Secretario General de la IDD Jos\u00e9 Domingo Rielli y en la que se analiz\u00f3 la situaci\u00f3n epidemiol\u00f3gica.<br \/>\nSe informa que en la Casa de los Deportes de la Intendencia de Durazno est\u00e1n alojados seis pacientes con Covid-19 provenientes de un establecimiento de larga estad\u00eda para adultos mayores en el que se constat\u00f3 un brote de Coronavirus. Los mismos se encuentran aislados y recibiendo toda la atenci\u00f3n que establece el protocolo vigente para estos casos. En un centro asistencial de nuestra ciudad se encuentran internados cuatro pacientes positivos, ninguno de ellos en CTI.<br \/>\nEn el reporte diario sobre la situaci\u00f3n epidemiol\u00f3gica brindado por el SINAE, el cual se adjunta, se indica que en el d\u00eda de hoy se confirmaron para el departamento de Durazno un total de 20 casos nuevos de Covid-19. Actualmente hay 120 casos activos, es decir personas que est\u00e1n cursando la enfermedad, registr\u00e1ndose en Durazno, Villa del Carmen y Carlos Reyles.<br \/>\nA su vez, la Direcci\u00f3n Departamental de Salud inform\u00f3 que en el d\u00eda de la fecha se realizaron 94 Test.<br \/>\nDesde que se declar\u00f3 la emergencia sanitaria a nivel nacional, en Durazno se detectaron 567 casos de Covid-19, se recuperaron  434; en curso 120 y fallecieron 13 personas por Coronavirus.<br \/>\nLa Direcci\u00f3n Departamental de Salud junto a otras instituciones se encuentran trabajando en el plan de vacunaci\u00f3n, una vez que lleguen las dosis, en primera instancia tendr\u00e1 como p\u00fablico objetivo al personal de la salud y a las personas de los establecimientos de larga estad\u00eda para adultos mayores.<br \/>\nSe reitera a la poblaci\u00f3n el pedido para reducir los c\u00edrculos de contacto social, al uso permanente de los tapabocas, distanciamiento f\u00edsico, ventilaci\u00f3n e higiene, hacer un uso responsable de los espacios p\u00fablicos, evitar las aglomeraciones, no compartir mate ni envases de bebidas. <\/p>\n","protected":false},"excerpt":{"rendered":"<p>El Comit\u00e9 Departamental de Emergencias de Durazno mantuvo en la presente jornada una nueva reuni\u00f3n&#8230;<\/p>\n","protected":false},"author":26,"featured_media":21671,"comment_status":"closed","ping_status":"closed","sticky":false,"template":"","format":"standard","meta":{"footnotes":"","jetpack_publicize_message":"{title}\n\n{excerpt}\n\n{url}","jetpack_publicize_feature_enabled":true,"jetpack_social_post_already_shared":true,"jetpack_social_options":{"image_generator_settings":{"template":"fullscreen","default_image_id":0,"font":"","enabled":false},"version":2},"_wpas_customize_per_network":false},"categories":[33],"tags":[],"class_list":["post-21670","post","type-post","status-publish","format-standard","has-post-thumbnail","hentry","category-actualidad"],"jetpack_publicize_connections":[],"_links":{"self":[{"href":"https:\/\/duraznohoy.com\/index.php?rest_route=\/wp\/v2\/posts\/21670","targetHints":{"allow":["GET"]}}],"collection":[{"href":"https:\/\/duraznohoy.com\/index.php?rest_route=\/wp\/v2\/posts"}],"about":[{"href":"https:\/\/duraznohoy.com\/index.php?rest_route=\/wp\/v2\/types\/post"}],"author":[{"embeddable":true,"href":"https:\/\/duraznohoy.com\/index.php?rest_route=\/wp\/v2\/users\/26"}],"replies":[{"embeddable":true,"href":"https:\/\/duraznohoy.com\/index.php?rest_route=%2Fwp%2Fv2%2Fcomments&post=21670"}],"version-history":[{"count":0,"href":"https:\/\/duraznohoy.com\/index.php?rest_route=\/wp\/v2\/posts\/21670\/revisions"}],"wp:featuredmedia":[{"embeddable":true,"href":"https:\/\/duraznohoy.com\/index.php?rest_route=\/wp\/v2\/media\/21671"}],"wp:attachment":[{"href":"https:\/\/duraznohoy.com\/index.php?rest_route=%2Fwp%2Fv2%2Fmedia&parent=21670"}],"wp:term":[{"taxonomy":"category","embeddable":true,"href":"https:\/\/duraznohoy.com\/index.php?rest_route=%2Fwp%2Fv2%2Fcategories&post=21670"},{"taxonomy":"post_tag","embeddable":true,"href":"https:\/\/duraznohoy.com\/index.php?rest_route=%2Fwp%2Fv2%2Ftags&post=21670"}],"curies":[{"name":"wp","href":"https:\/\/api.w.org\/{rel}","templated":true}]}}