{"id":21675,"date":"2021-02-09T21:58:20","date_gmt":"2021-02-10T00:58:20","guid":{"rendered":"http:\/\/duraznohoy.com\/?p=21675"},"modified":"2021-02-09T21:58:20","modified_gmt":"2021-02-10T00:58:20","slug":"ecos-de-lo-sucedido-en-el-corralon","status":"publish","type":"post","link":"https:\/\/duraznohoy.com\/?p=21675","title":{"rendered":"Ecos de lo sucedido en el Corral\u00f3n."},"content":{"rendered":"<p style=\"text-align: right;\"><strong>Distintas derivaciones tuvo en el transcurso de la tarde de hoy, el hecho ocurrido en el Corralon Municipal, sobre el que inform\u00e1bamos esta ma\u00f1ana, donde fue protagonista principal el edil suplente Santiago Petutto, originando varias denuncias.<\/strong><\/p>\n<p>En la tarde de hoy tom\u00f3 cartas en el asunto la Justicia y el mismo ser\u00e1 conducido a Montevideo para efectuarle una pericia Siqui\u00e1trica.<\/p>\n<p>Adem\u00e1s, el incidente de esta ma\u00f1ana en el Corral\u00f3n, impuls\u00f3 la aparici\u00f3n de varios videos donde participa Petutto, a quien se se\u00f1ala haber provocado situaciones similares en un Hotel, en un Centro de atenci\u00f3n a la salud y en un carro de comidas.<\/p>\n<p>Mientras tanto, la Comuna y la Agrupaci\u00f3n \u201cDignidad Duraznense\u201d, a la que pertenec\u00eda el edil suplente, dieron a conocer sendos comunicados que reproducimos.<\/p>\n<p><strong>Comunicado de la Intendencia<\/strong><\/p>\n<p>Ante los hechos de p\u00fablica notoriedad ocurridos en la ma\u00f1ana de hoy en dependencias del corral\u00f3n municipal, y que fueran protagonizados por un ex edil departamental, La Intendencia\u00a0 de Durazno informa a la poblaci\u00f3n: el mismo se hizo presente en el lugar solicitando se le surtiera combustible en su auto particular invocando a altas jerarqu\u00edas\u00a0 de la intendencia, y ante la negativa de los funcionarios por lo improcedente de la solicitud, aquel la emprendi\u00f3 contra algunos de ellos con insultos verbales primero , y agresiones f\u00edsicas despu\u00e9s, como as\u00ed tambi\u00e9n lanzando cajas existentes en el lugar ocasionando da\u00f1os materiales de algunos bienes de la comuna. Requerida la presencia policial a trav\u00e9s del 911 se hicieron presentes en el lugar\u00a0 funcionarios de la seccional 15 quienes procedieron a la detenci\u00f3n y conducci\u00f3n del agresor hacia la dependencia policial. Inmediatamente la Intendencia de Durazno radic\u00f3 la denuncia penal correspondiente por los hechos antes descriptos\u00a0 ante la fiscal\u00eda letrada departamental a sus efectos.<\/p>\n<p>Finalmente el Ejecutivo destaca la acci\u00f3n y proceder de los funcionarios municipales que sufrieron la reprochable agresi\u00f3n quienes mantuvieron en todo momento el temple y la calma necesaria a pesar de la provocaci\u00f3n y violencia moral y f\u00edsica recibida.<\/p>\n<p><strong>\u00a0<\/strong><\/p>\n<p><strong>De la Lista 2525<\/strong><\/p>\n<p>Ante los hechos de p\u00fablica notoriedad, la Agrupaci\u00f3n \u201cDIGNIDAD DURAZNENSE\u00bb&#8216; y su Lista\u00a0 Departamental 2525, desaprueba\u00a0 tajantemente\u00a0 la conducta del Sr.Santiago\u00a0 Petutto, \u00a0lo desvincula de la misma, y se solidariza con los Funcionarios de la intendencia y con las personas e Instituciones que fueron afectadas por dicha conducta.<\/p>\n<p>Se solicita a la Departamental Nacionalista elevar al Comit\u00e9 de \u00c9tica del Partido Nacional, para su conocimiento y dem\u00e1s efectos.<\/p>\n<p>Enrique Erramuspe Presidente<\/p>\n<p>&nbsp; <\/p>\n","protected":false},"excerpt":{"rendered":"<p>Distintas derivaciones tuvo en el transcurso de la tarde de hoy, el hecho ocurrido en&#8230;<\/p>\n","protected":false},"author":2,"featured_media":21676,"comment_status":"closed","ping_status":"closed","sticky":false,"template":"","format":"standard","meta":{"footnotes":"","jetpack_publicize_message":"{title}\n\n{excerpt}\n\n{url}","jetpack_publicize_feature_enabled":true,"jetpack_social_post_already_shared":true,"jetpack_social_options":{"image_generator_settings":{"template":"fullscreen","default_image_id":0,"font":"","enabled":false},"version":2},"_wpas_customize_per_network":false},"categories":[33],"tags":[],"class_list":["post-21675","post","type-post","status-publish","format-standard","has-post-thumbnail","hentry","category-actualidad"],"jetpack_publicize_connections":[],"_links":{"self":[{"href":"https:\/\/duraznohoy.com\/index.php?rest_route=\/wp\/v2\/posts\/21675","targetHints":{"allow":["GET"]}}],"collection":[{"href":"https:\/\/duraznohoy.com\/index.php?rest_route=\/wp\/v2\/posts"}],"about":[{"href":"https:\/\/duraznohoy.com\/index.php?rest_route=\/wp\/v2\/types\/post"}],"author":[{"embeddable":true,"href":"https:\/\/duraznohoy.com\/index.php?rest_route=\/wp\/v2\/users\/2"}],"replies":[{"embeddable":true,"href":"https:\/\/duraznohoy.com\/index.php?rest_route=%2Fwp%2Fv2%2Fcomments&post=21675"}],"version-history":[{"count":0,"href":"https:\/\/duraznohoy.com\/index.php?rest_route=\/wp\/v2\/posts\/21675\/revisions"}],"wp:featuredmedia":[{"embeddable":true,"href":"https:\/\/duraznohoy.com\/index.php?rest_route=\/wp\/v2\/media\/21676"}],"wp:attachment":[{"href":"https:\/\/duraznohoy.com\/index.php?rest_route=%2Fwp%2Fv2%2Fmedia&parent=21675"}],"wp:term":[{"taxonomy":"category","embeddable":true,"href":"https:\/\/duraznohoy.com\/index.php?rest_route=%2Fwp%2Fv2%2Fcategories&post=21675"},{"taxonomy":"post_tag","embeddable":true,"href":"https:\/\/duraznohoy.com\/index.php?rest_route=%2Fwp%2Fv2%2Ftags&post=21675"}],"curies":[{"name":"wp","href":"https:\/\/api.w.org\/{rel}","templated":true}]}}