{"id":21681,"date":"2021-02-09T22:41:31","date_gmt":"2021-02-10T01:41:31","guid":{"rendered":"http:\/\/duraznohoy.com\/?p=21681"},"modified":"2021-02-09T23:56:41","modified_gmt":"2021-02-10T02:56:41","slug":"durazno-corazon-del-canto","status":"publish","type":"post","link":"https:\/\/duraznohoy.com\/?p=21681","title":{"rendered":"Durazno, coraz\u00f3n del canto."},"content":{"rendered":"<p style=\"text-align: right;\"><strong><img loading=\"lazy\" decoding=\"async\" class=\"size-medium wp-image-21682 alignright\" src=\"https:\/\/duraznohoy.com\/wp-content\/uploads\/2021\/02\/1er.-Festival-1-300x170.jpg\" alt=\"\" width=\"300\" height=\"170\" srcset=\"https:\/\/duraznohoy.com\/wp-content\/uploads\/2021\/02\/1er.-Festival-1-300x170.jpg 300w, https:\/\/duraznohoy.com\/wp-content\/uploads\/2021\/02\/1er.-Festival-1-1024x582.jpg 1024w, https:\/\/duraznohoy.com\/wp-content\/uploads\/2021\/02\/1er.-Festival-1-768x436.jpg 768w, https:\/\/duraznohoy.com\/wp-content\/uploads\/2021\/02\/1er.-Festival-1.jpg 1056w\" sizes=\"auto, (max-width: 300px) 100vw, 300px\" \/>Hace 48 a\u00f1os, en un escenario levantado en el campo de juego del Estadio \u201cSilvestre Octavio Landoni\u201d, a pocos metros de la pista de atletismo, comenzaba el 1er. Festival Nacional de Folclore.<\/strong><\/p>\n<p>M\u00e1s de 60 concursantes de todo el pa\u00eds y artistas profesionales de Uruguay, Paraguay y Argentina, desfilaron durante tres noches \u2013 9, 10 y 11 de febrero de 1973 &#8211; superando toda la expectativa que ten\u00edan los organizadores.<\/p>\n<p>Roberto Diring\u00fcer, solista representando a Florida, fue quien ech\u00f3 al viento las primeras canciones, comenzando a escribir la historia que se aproxima a medio siglo.<\/p>\n<figure id=\"attachment_21684\" aria-describedby=\"caption-attachment-21684\" style=\"width: 300px\" class=\"wp-caption alignleft\"><img loading=\"lazy\" decoding=\"async\" class=\"size-medium wp-image-21684\" src=\"https:\/\/duraznohoy.com\/wp-content\/uploads\/2021\/02\/foto-ganadores-1er.Fval-001-300x211.jpg\" alt=\"\" width=\"300\" height=\"211\" srcset=\"https:\/\/duraznohoy.com\/wp-content\/uploads\/2021\/02\/foto-ganadores-1er.Fval-001-300x211.jpg 300w, https:\/\/duraznohoy.com\/wp-content\/uploads\/2021\/02\/foto-ganadores-1er.Fval-001-1024x722.jpg 1024w, https:\/\/duraznohoy.com\/wp-content\/uploads\/2021\/02\/foto-ganadores-1er.Fval-001-768x541.jpg 768w, https:\/\/duraznohoy.com\/wp-content\/uploads\/2021\/02\/foto-ganadores-1er.Fval-001-1536x1083.jpg 1536w, https:\/\/duraznohoy.com\/wp-content\/uploads\/2021\/02\/foto-ganadores-1er.Fval-001.jpg 1599w\" sizes=\"auto, (max-width: 300px) 100vw, 300px\" \/><figcaption id=\"caption-attachment-21684\" class=\"wp-caption-text\"><strong>Ram\u00f3n Paez de Colonia (ganador en Recitadores), Weisman Sanchez (segundo Premio), Juan Carlos L\u00f3pez (ganador Payadores), Jes\u00fas Correa, conductor y Roberto Diringuer de Florida, solista N\u00ba 1.<\/strong><\/figcaption><\/figure>\n<p>Bajo la administraci\u00f3n del Dr. Ra\u00fal Iturria, Jos\u00e9 Mar\u00eda Bedat, Antonio Ra\u00fal Cabanas, Jes\u00fas Correa, Weisman S\u00e1nchez Galarza, Ra\u00fal Moreira, Julio Pi\u00f1eiro y Alma Saavedra, lograron con un trabajo acompa\u00f1ado siempre por el amor al folclore, hacer que Durazno se transformara en el coraz\u00f3n del canto.<\/p>\n<p><strong>Los Artistas invitados<\/strong><\/p>\n<p>\u201cLos Olimare\u00f1os\u201d, Osiris Rodr\u00edguez Castillos, Hilario P\u00e9rez, Carmen Monz\u00f3n, \u201cLos Trovadores del Yi\u201d, \u201cLos Cantores de la Huella\u201d, David Pignata Cardozo, Santiago Chalar, \u201cLos Criollos de Don Frutos\u201d, Eduardo Moreno y Aramis Arellano, \u201cLos del Sauce\u201d, Jaime Torres y su Conjunto (Argentina), \u201cLos Andariegos\u201d (Argentina), Ruben Sanabria y sus Chiriguanos\u201d (Paraguay)<\/p>\n<p><strong>Ganadores del 1er. Festival<\/strong><\/p>\n<p>Solista: WALTER MARTINEZ (San Jos\u00e9), Recitador: RAMON PAEZ \u00a0(Colonia),Payador : JUAN CARLOS LOPEZ (Treinta y Tres),<\/p>\n<p>D\u00fao: \u201cLOS ORIENTALES\u201d (Soriano), Conjunto: \u201cAMAMBAY\u201d (Salto).<\/p>\n<p>&nbsp;<\/p>\n<p>&nbsp;<\/p>\n<p>&nbsp;<\/p>\n<p>&nbsp;<\/p>\n<p>&nbsp;<\/p>\n<p>&nbsp; <\/p>\n","protected":false},"excerpt":{"rendered":"<p>Hace 48 a\u00f1os, en un escenario levantado en el campo de juego del Estadio \u201cSilvestre&#8230;<\/p>\n","protected":false},"author":2,"featured_media":21683,"comment_status":"closed","ping_status":"closed","sticky":false,"template":"","format":"standard","meta":{"footnotes":"","jetpack_publicize_message":"{title}\n\n{excerpt}\n\n{url}","jetpack_publicize_feature_enabled":true,"jetpack_social_post_already_shared":true,"jetpack_social_options":{"image_generator_settings":{"template":"fullscreen","default_image_id":0,"font":"","enabled":false},"version":2},"_wpas_customize_per_network":false},"categories":[41],"tags":[],"class_list":["post-21681","post","type-post","status-publish","format-standard","has-post-thumbnail","hentry","category-recordando"],"jetpack_publicize_connections":[],"_links":{"self":[{"href":"https:\/\/duraznohoy.com\/index.php?rest_route=\/wp\/v2\/posts\/21681","targetHints":{"allow":["GET"]}}],"collection":[{"href":"https:\/\/duraznohoy.com\/index.php?rest_route=\/wp\/v2\/posts"}],"about":[{"href":"https:\/\/duraznohoy.com\/index.php?rest_route=\/wp\/v2\/types\/post"}],"author":[{"embeddable":true,"href":"https:\/\/duraznohoy.com\/index.php?rest_route=\/wp\/v2\/users\/2"}],"replies":[{"embeddable":true,"href":"https:\/\/duraznohoy.com\/index.php?rest_route=%2Fwp%2Fv2%2Fcomments&post=21681"}],"version-history":[{"count":0,"href":"https:\/\/duraznohoy.com\/index.php?rest_route=\/wp\/v2\/posts\/21681\/revisions"}],"wp:featuredmedia":[{"embeddable":true,"href":"https:\/\/duraznohoy.com\/index.php?rest_route=\/wp\/v2\/media\/21683"}],"wp:attachment":[{"href":"https:\/\/duraznohoy.com\/index.php?rest_route=%2Fwp%2Fv2%2Fmedia&parent=21681"}],"wp:term":[{"taxonomy":"category","embeddable":true,"href":"https:\/\/duraznohoy.com\/index.php?rest_route=%2Fwp%2Fv2%2Fcategories&post=21681"},{"taxonomy":"post_tag","embeddable":true,"href":"https:\/\/duraznohoy.com\/index.php?rest_route=%2Fwp%2Fv2%2Ftags&post=21681"}],"curies":[{"name":"wp","href":"https:\/\/api.w.org\/{rel}","templated":true}]}}