{"id":21699,"date":"2021-02-10T10:35:50","date_gmt":"2021-02-10T13:35:50","guid":{"rendered":"http:\/\/duraznohoy.com\/?p=21699"},"modified":"2021-02-10T10:35:50","modified_gmt":"2021-02-10T13:35:50","slug":"capacitaciones-para-el-fortalecimiento-de-la-mujer-rural-de-durazno","status":"publish","type":"post","link":"https:\/\/duraznohoy.com\/?p=21699","title":{"rendered":"Capacitaciones para el fortalecimiento de la mujer rural de Durazno."},"content":{"rendered":"<p style=\"text-align: right;\">Fundaci\u00f3n UPM abre dos convocatorias para capacitaciones en el interior del departamento de Durazno. En Blanquillo, se realizar\u00e1n talleres de emprendedurismo para ceramistas locales mientras que en Sarand\u00ed del Y\u00ed se impulsar\u00e1 el curso \u201c<strong><em>Forjando encuentros, mujeres en acci\u00f3n\u201d.<\/em><\/strong><\/p>\n<p>&nbsp;<\/p>\n<p><strong><em>\u201cDesde hace varios a\u00f1os, Fundaci\u00f3n UPM trabaja en el desarrollo de las comunidades de influencia a nuestras operaciones. En esta oportunidad tenemos dos propuestas focalizadas en mujeres; por un lado, para ceramistas de Blanquillo buscando potenciar el trabajo que vienen realizando, acompa\u00f1\u00e1ndolas en su proceso de consolidaci\u00f3n de sus emprendimientos. En Sarand\u00ed del Y\u00ed, impulsamos otra capacitaci\u00f3n con el objetivo de brindarles a las mujeres locales herramientas para el desarrollo personal, futura inclusi\u00f3n laboral y fortalecer su autonom\u00eda<\/em><\/strong>\u201d expres\u00f3 <strong>Magdalena Ib\u00e1\u00f1ez <\/strong>presidenta de Fundaci\u00f3n UPM.<\/p>\n<h4>Mujeres ceramistas de Blanquillo<\/h4>\n<p><strong>\u00a0<\/strong>Los talleres est\u00e1n orientados a personas que cuenten con conocimientos previos en cer\u00e1mica y busquen potenciar sus emprendimientos. Las interesadas deber\u00e1n inscribirse antes del jueves 18 de febrero a trav\u00e9s del formulario disponible en <a href=\"http:\/\/www.upm.uy\/fundacion\">www.upm.uy\/fundacion<\/a><\/p>\n<p>Los cursos estar\u00e1n a cargo de la Asociaci\u00f3n Civil Ceprodih (Centro de Promoci\u00f3n por la Dignidad Humana), que ya ha trabajado en el interior del departamento capacitando a costureras rurales. El proyecto cuenta con el respaldo y la articulaci\u00f3n de la Intendencia de Durazno.<\/p>\n<p>Las clases comenzar\u00e1n el lunes 22 de febrero y tendr\u00e1n una duraci\u00f3n de dos meses en formato presencial y virtual. La capacitaci\u00f3n consta de cuatro m\u00f3dulos, incluyendo el desarrollo de planes de negocios, la planificaci\u00f3n comercial y comunicacional, la gesti\u00f3n de marketing digital y la formalizaci\u00f3n de los emprendimientos.<\/p>\n<h5>\u201cForjando encuentros, mujeres en acci\u00f3n\u201d en Sarand\u00ed del Y\u00ed<\/h5>\n<p><strong>\u00a0<\/strong>El curso est\u00e1 dirigido a mujeres entre 18 y 40 a\u00f1os oriundas de Sarand\u00ed del Y\u00ed, Villa del Carmen o zonas rurales cercanas.<\/p>\n<p>Las mujeres interesadas deben completar el formulario de pre-inscripci\u00f3n ingresando a <a href=\"http:\/\/www.upm.uy\/fundacion\">www.upm.uy\/fundacion<\/a> antes del viernes 26 de marzo.<\/p>\n<p>Los cursos tienen cupos limitados y estar\u00e1n dictados por las t\u00e9cnicas Daniela Ungo e Isabel Knappe, quienes cuentan con formaci\u00f3n en psicolog\u00eda y trabajo social, y se realizar\u00e1n entre marzo y julio con talleres presenciales donde se abordar\u00e1n como ejes tem\u00e1ticos la identificaci\u00f3n de fortalezas personales, autonom\u00eda, g\u00e9nero, comunicaci\u00f3n asertiva, resoluci\u00f3n de conflictos, empoderamiento y herramientas de acceso a tecnolog\u00eda.<\/p>\n<p>&nbsp;<\/p>\n<p>&nbsp;<\/p>\n<p>&nbsp;<\/p>\n<p>&nbsp;<\/p>\n<p>&nbsp;<\/p>\n<p>&nbsp;<\/p>\n<p>&nbsp;<\/p>\n<p>&nbsp; <\/p>\n","protected":false},"excerpt":{"rendered":"<p>Fundaci\u00f3n UPM abre dos convocatorias para capacitaciones en el interior del departamento de Durazno. En&#8230;<\/p>\n","protected":false},"author":2,"featured_media":21700,"comment_status":"closed","ping_status":"closed","sticky":false,"template":"","format":"standard","meta":{"footnotes":"","jetpack_publicize_message":"{title}\n\n{excerpt}\n\n{url}","jetpack_publicize_feature_enabled":true,"jetpack_social_post_already_shared":true,"jetpack_social_options":{"image_generator_settings":{"template":"fullscreen","default_image_id":0,"font":"","enabled":false},"version":2},"_wpas_customize_per_network":false},"categories":[33],"tags":[],"class_list":["post-21699","post","type-post","status-publish","format-standard","has-post-thumbnail","hentry","category-actualidad"],"jetpack_publicize_connections":[],"_links":{"self":[{"href":"https:\/\/duraznohoy.com\/index.php?rest_route=\/wp\/v2\/posts\/21699","targetHints":{"allow":["GET"]}}],"collection":[{"href":"https:\/\/duraznohoy.com\/index.php?rest_route=\/wp\/v2\/posts"}],"about":[{"href":"https:\/\/duraznohoy.com\/index.php?rest_route=\/wp\/v2\/types\/post"}],"author":[{"embeddable":true,"href":"https:\/\/duraznohoy.com\/index.php?rest_route=\/wp\/v2\/users\/2"}],"replies":[{"embeddable":true,"href":"https:\/\/duraznohoy.com\/index.php?rest_route=%2Fwp%2Fv2%2Fcomments&post=21699"}],"version-history":[{"count":0,"href":"https:\/\/duraznohoy.com\/index.php?rest_route=\/wp\/v2\/posts\/21699\/revisions"}],"wp:featuredmedia":[{"embeddable":true,"href":"https:\/\/duraznohoy.com\/index.php?rest_route=\/wp\/v2\/media\/21700"}],"wp:attachment":[{"href":"https:\/\/duraznohoy.com\/index.php?rest_route=%2Fwp%2Fv2%2Fmedia&parent=21699"}],"wp:term":[{"taxonomy":"category","embeddable":true,"href":"https:\/\/duraznohoy.com\/index.php?rest_route=%2Fwp%2Fv2%2Fcategories&post=21699"},{"taxonomy":"post_tag","embeddable":true,"href":"https:\/\/duraznohoy.com\/index.php?rest_route=%2Fwp%2Fv2%2Ftags&post=21699"}],"curies":[{"name":"wp","href":"https:\/\/api.w.org\/{rel}","templated":true}]}}