{"id":21702,"date":"2021-02-10T14:30:27","date_gmt":"2021-02-10T17:30:27","guid":{"rendered":"http:\/\/duraznohoy.com\/?p=21702"},"modified":"2021-02-10T14:30:27","modified_gmt":"2021-02-10T17:30:27","slug":"a-la-comision-de-etica","status":"publish","type":"post","link":"https:\/\/duraznohoy.com\/?p=21702","title":{"rendered":"A la Comisi\u00f3n de \u00e9tica."},"content":{"rendered":"<h3>La Departamental Nacionalista se reuni\u00f3 para evaluar la acitud del edil suiplente Santiago Petutto y resolvi\u00f3 elevar nota a la Presidencia del Directorio del Partido Nacional.<\/h3>\n<p>Durazno, 9 de febrero de 2021.-<\/p>\n<p>Sr. Presidente del Directorio del Partido Nacional Don. Pablo lturralde<\/p>\n<p>De nuestra mayor consideraci\u00f3n:<\/p>\n<p>La Comisi\u00f3n Departamental Nacionalista, reunida en el d\u00eda de la fecha, comunica:<\/p>\n<ol>\n<li>el repudio a los hechos de p\u00fablica notoriedad, acaecidos en una dependencia de la Intendencia de Durazno<\/li>\n<li>manifiesta el respaldo y solidaridad en primer lugar al Ejecutivo Departamental ante la denuncia formulada frente a la Justicia; a trav\u00e9s de \u00e9l y de ADEOM, a los funcionar ios municipales afectados<\/li>\n<li>remite al Honorable Directorio del Partido Nacional la nota recibida de la Agrupaci\u00f3n Dignidad Duraznense y su lista Departamental 2525, que se adjunta<\/li>\n<li>solicita pasen los presentes obrados a la Comisi\u00f3n de \u00c9tica del Partido a los efectos de que analice los mismos y, de considerarlo pertinente, aplique las m\u00e1ximas sanciones que correspondan seg\u00fan la Carta Org\u00e1nica de nuestro glorioso Partido Nacional, teniendo en cuenta la posibilidad de ser evaluado su estado de salud emocional.<\/li>\n<\/ol>\n<p>Sin otro particular, y con el firme compromiso de velar por los valores \u00e9ticos que nos han caracterizado, saludamos con particular estima y nos manifestamos a vuestras gratas \u00f3rdenes.<\/p>\n<p>Ignacio Sp\u00ednola \u2013 Presidente<\/p>\n<p>Italo Cantera &#8211; Secretario<\/p>\n<p>&nbsp;<\/p>\n<p>&nbsp;<\/p>\n<p>&nbsp; <\/p>\n","protected":false},"excerpt":{"rendered":"<p>La Departamental Nacionalista se reuni\u00f3 para evaluar la acitud del edil suiplente Santiago Petutto y&#8230;<\/p>\n","protected":false},"author":2,"featured_media":21703,"comment_status":"closed","ping_status":"closed","sticky":false,"template":"","format":"standard","meta":{"footnotes":"","jetpack_publicize_message":"{title}\n\n{excerpt}\n\n{url}","jetpack_publicize_feature_enabled":true,"jetpack_social_post_already_shared":true,"jetpack_social_options":{"image_generator_settings":{"template":"fullscreen","default_image_id":0,"font":"","enabled":false},"version":2},"_wpas_customize_per_network":false},"categories":[33,5],"tags":[],"class_list":["post-21702","post","type-post","status-publish","format-standard","has-post-thumbnail","hentry","category-actualidad","category-politica"],"jetpack_publicize_connections":[],"_links":{"self":[{"href":"https:\/\/duraznohoy.com\/index.php?rest_route=\/wp\/v2\/posts\/21702","targetHints":{"allow":["GET"]}}],"collection":[{"href":"https:\/\/duraznohoy.com\/index.php?rest_route=\/wp\/v2\/posts"}],"about":[{"href":"https:\/\/duraznohoy.com\/index.php?rest_route=\/wp\/v2\/types\/post"}],"author":[{"embeddable":true,"href":"https:\/\/duraznohoy.com\/index.php?rest_route=\/wp\/v2\/users\/2"}],"replies":[{"embeddable":true,"href":"https:\/\/duraznohoy.com\/index.php?rest_route=%2Fwp%2Fv2%2Fcomments&post=21702"}],"version-history":[{"count":0,"href":"https:\/\/duraznohoy.com\/index.php?rest_route=\/wp\/v2\/posts\/21702\/revisions"}],"wp:featuredmedia":[{"embeddable":true,"href":"https:\/\/duraznohoy.com\/index.php?rest_route=\/wp\/v2\/media\/21703"}],"wp:attachment":[{"href":"https:\/\/duraznohoy.com\/index.php?rest_route=%2Fwp%2Fv2%2Fmedia&parent=21702"}],"wp:term":[{"taxonomy":"category","embeddable":true,"href":"https:\/\/duraznohoy.com\/index.php?rest_route=%2Fwp%2Fv2%2Fcategories&post=21702"},{"taxonomy":"post_tag","embeddable":true,"href":"https:\/\/duraznohoy.com\/index.php?rest_route=%2Fwp%2Fv2%2Ftags&post=21702"}],"curies":[{"name":"wp","href":"https:\/\/api.w.org\/{rel}","templated":true}]}}