{"id":21705,"date":"2021-02-10T17:33:39","date_gmt":"2021-02-10T20:33:39","guid":{"rendered":"http:\/\/duraznohoy.com\/?p=21705"},"modified":"2021-02-10T20:46:46","modified_gmt":"2021-02-10T23:46:46","slug":"prision-preventiva","status":"publish","type":"post","link":"https:\/\/duraznohoy.com\/?p=21705","title":{"rendered":"Prisi\u00f3n preventiva."},"content":{"rendered":"<h3>Tras llegar los resultados de la pericia psiqui\u00e1trica declar\u00e1ndolo \u00a0imputable, se inici\u00f3 la formalizaci\u00f3n a Santiago Petutto.<\/h3>\n<p>La Fiscal\u00eda de Durazno de 2do Turno, a cargo de la fiscal <strong>B\u00e1rbara Zapater<\/strong>, imput\u00f3 al edil suplente que protagoniz\u00f3 un conflicto en el Corral\u00f3n Municipal en calidad de autor de un delito continuado de violencia privada, un delito de lesiones personales, un delito de da\u00f1o agravado, dos delitos de agravio a la autoridad policial y un delito de violencia privada agravada, todos ellos en r\u00e9gimen de reiteraci\u00f3n real.<\/p>\n<p>En este sentido, la Fiscal\u00eda inform\u00f3 que se decretaron 120 d\u00edas de prisi\u00f3n preventiva mientras la Justicia contin\u00faa con la investigaci\u00f3n a los efectos de presentar la acusaci\u00f3n del caso. <\/p>\n","protected":false},"excerpt":{"rendered":"<p>Tras llegar los resultados de la pericia psiqui\u00e1trica declar\u00e1ndolo \u00a0imputable, se inici\u00f3 la formalizaci\u00f3n a&#8230;<\/p>\n","protected":false},"author":2,"featured_media":21706,"comment_status":"closed","ping_status":"closed","sticky":false,"template":"","format":"standard","meta":{"footnotes":"","jetpack_publicize_message":"{title}\n\n{excerpt}\n\n{url}","jetpack_publicize_feature_enabled":true,"jetpack_social_post_already_shared":true,"jetpack_social_options":{"image_generator_settings":{"template":"fullscreen","default_image_id":0,"font":"","enabled":false},"version":2},"_wpas_customize_per_network":false},"categories":[33],"tags":[],"class_list":["post-21705","post","type-post","status-publish","format-standard","has-post-thumbnail","hentry","category-actualidad"],"jetpack_publicize_connections":[],"_links":{"self":[{"href":"https:\/\/duraznohoy.com\/index.php?rest_route=\/wp\/v2\/posts\/21705","targetHints":{"allow":["GET"]}}],"collection":[{"href":"https:\/\/duraznohoy.com\/index.php?rest_route=\/wp\/v2\/posts"}],"about":[{"href":"https:\/\/duraznohoy.com\/index.php?rest_route=\/wp\/v2\/types\/post"}],"author":[{"embeddable":true,"href":"https:\/\/duraznohoy.com\/index.php?rest_route=\/wp\/v2\/users\/2"}],"replies":[{"embeddable":true,"href":"https:\/\/duraznohoy.com\/index.php?rest_route=%2Fwp%2Fv2%2Fcomments&post=21705"}],"version-history":[{"count":0,"href":"https:\/\/duraznohoy.com\/index.php?rest_route=\/wp\/v2\/posts\/21705\/revisions"}],"wp:featuredmedia":[{"embeddable":true,"href":"https:\/\/duraznohoy.com\/index.php?rest_route=\/wp\/v2\/media\/21706"}],"wp:attachment":[{"href":"https:\/\/duraznohoy.com\/index.php?rest_route=%2Fwp%2Fv2%2Fmedia&parent=21705"}],"wp:term":[{"taxonomy":"category","embeddable":true,"href":"https:\/\/duraznohoy.com\/index.php?rest_route=%2Fwp%2Fv2%2Fcategories&post=21705"},{"taxonomy":"post_tag","embeddable":true,"href":"https:\/\/duraznohoy.com\/index.php?rest_route=%2Fwp%2Fv2%2Ftags&post=21705"}],"curies":[{"name":"wp","href":"https:\/\/api.w.org\/{rel}","templated":true}]}}