{"id":21900,"date":"2021-02-22T15:16:09","date_gmt":"2021-02-22T18:16:09","guid":{"rendered":"http:\/\/duraznohoy.com\/?p=21900"},"modified":"2021-02-22T15:16:09","modified_gmt":"2021-02-22T18:16:09","slug":"dos-condenados-por-hurto","status":"publish","type":"post","link":"https:\/\/duraznohoy.com\/?p=21900","title":{"rendered":"Dos condenados por hurto."},"content":{"rendered":"<p><strong>Hurto aclarado con resultado de dos condenados<\/strong><\/p>\n<p>Pr\u00f3ximo a la hora 12:30 del d\u00eda viernes 19 del corriente, se recibe llamado al Centro de Comando Unificado Departamental que en una finca de la zona este del Departamento, momentos antes, se habr\u00eda producido el hurto de algunos efectos del interior de una finca. Ante lo expuesto se procede a efectuar un dispositivo de seguridad en el lugar, por parte de personal de Comisaria 13\u00aa y de Unidad de Respuesta y Patrullaje, logrando ubicar en una zona de montes cercana al lugar a cuatro masculinos y una femenina, los cuales tendr\u00edan consigo algunos de los efectos denunciados y como resultado de una b\u00fasqueda en el lugar se encontraron debajo de unas bolsas m\u00e1s efectos, como resultado se logr\u00f3 incautar en el lugar (una radio marca xion, un par de championes, un bolso de mano, una notebook marca HP,\u00a0 ropas varias, una c\u00e1mara de fotos, un GPS, un parlante tio rockola, entre otras cosas;\u00a0\u00a0 procedi\u00e9ndose al traslado de los implicados al local de la Comisar\u00eda 13\u00ba.<\/p>\n<p>Inmediatamente se procede a poner en conocimiento a la Fiscal\u00eda de turno correspondiente, a posterior se formaliz\u00f3 la investigaci\u00f3n seguida por Fiscal\u00eda de Durazno de Segundo Turno y por Oficio Judicial N.\u00ba 122\/2021 de un masculino de 22 a\u00f1os de edad \u201cpor la presunta comisi\u00f3n de tres delitos de receptaci\u00f3n en r\u00e9gimen de reiteraci\u00f3n real con un delito de violaci\u00f3n de domicilio agravado en concurrencia fuera de la reiteraci\u00f3n con un delito de hurto, en calidad de autor\u201d;\u00a0 y para un masculino de 29 a\u00f1os de edad <strong>\u201c por la presunta comisi\u00f3n de un delito de hurto especialmente agravado por la penetraci\u00f3n domiciliaria\u00a1, en calidad de autor, conden\u00e1ndolos a la pena de 11 y 12 meses( respectivamente) de prisi\u00f3n que se cumplir\u00e1n en r\u00e9gimen de libertad a prueba art\u00edculo 295 bis del CPP.<\/strong><\/p>\n<p><strong>\u00a0<\/strong> <\/p>\n","protected":false},"excerpt":{"rendered":"<p>Hurto aclarado con resultado de dos condenados Pr\u00f3ximo a la hora 12:30 del d\u00eda viernes&#8230;<\/p>\n","protected":false},"author":2,"featured_media":21901,"comment_status":"closed","ping_status":"closed","sticky":false,"template":"","format":"standard","meta":{"footnotes":"","jetpack_publicize_message":"{title}\n\n{excerpt}\n\n{url}","jetpack_publicize_feature_enabled":true,"jetpack_social_post_already_shared":true,"jetpack_social_options":{"image_generator_settings":{"template":"fullscreen","default_image_id":0,"font":"","enabled":false},"version":2},"_wpas_customize_per_network":false},"categories":[33,21],"tags":[],"class_list":["post-21900","post","type-post","status-publish","format-standard","has-post-thumbnail","hentry","category-actualidad","category-policiales"],"jetpack_publicize_connections":[],"_links":{"self":[{"href":"https:\/\/duraznohoy.com\/index.php?rest_route=\/wp\/v2\/posts\/21900","targetHints":{"allow":["GET"]}}],"collection":[{"href":"https:\/\/duraznohoy.com\/index.php?rest_route=\/wp\/v2\/posts"}],"about":[{"href":"https:\/\/duraznohoy.com\/index.php?rest_route=\/wp\/v2\/types\/post"}],"author":[{"embeddable":true,"href":"https:\/\/duraznohoy.com\/index.php?rest_route=\/wp\/v2\/users\/2"}],"replies":[{"embeddable":true,"href":"https:\/\/duraznohoy.com\/index.php?rest_route=%2Fwp%2Fv2%2Fcomments&post=21900"}],"version-history":[{"count":0,"href":"https:\/\/duraznohoy.com\/index.php?rest_route=\/wp\/v2\/posts\/21900\/revisions"}],"wp:featuredmedia":[{"embeddable":true,"href":"https:\/\/duraznohoy.com\/index.php?rest_route=\/wp\/v2\/media\/21901"}],"wp:attachment":[{"href":"https:\/\/duraznohoy.com\/index.php?rest_route=%2Fwp%2Fv2%2Fmedia&parent=21900"}],"wp:term":[{"taxonomy":"category","embeddable":true,"href":"https:\/\/duraznohoy.com\/index.php?rest_route=%2Fwp%2Fv2%2Fcategories&post=21900"},{"taxonomy":"post_tag","embeddable":true,"href":"https:\/\/duraznohoy.com\/index.php?rest_route=%2Fwp%2Fv2%2Ftags&post=21900"}],"curies":[{"name":"wp","href":"https:\/\/api.w.org\/{rel}","templated":true}]}}