{"id":22070,"date":"2021-03-03T08:40:07","date_gmt":"2021-03-03T11:40:07","guid":{"rendered":"http:\/\/duraznohoy.com\/?p=22070"},"modified":"2021-03-03T08:41:43","modified_gmt":"2021-03-03T11:41:43","slug":"procesados-en-durazno-siete-hombres-ingresan-a-la-carcel-por-diferentes-delitos","status":"publish","type":"post","link":"https:\/\/duraznohoy.com\/?p=22070","title":{"rendered":"Procesados en Durazno: siete hombres ingresan a la c\u00e1rcel por diferentes delitos ."},"content":{"rendered":"<div class=\"td-post-header td-pb-padding-side\">\n<header>\n<p class=\"entry-title\">El Diario digital Salto al d\u00eda, public\u00f3 en su edici\u00f3n de este lunes datos con las respectivas fotograf\u00edas de procesados en Durazno de siete hombres que ingresan a la c\u00e1rcel por diferentes delitos.<\/p>\n<div class=\"meta-info\">\n<p class=\"td-post-views\">\n<\/div>\n<\/header>\n<\/div>\n<div class=\"td-post-sharing-top td-pb-padding-side\">\n<div id=\"td_social_sharing_article_top\" class=\"td-post-sharing td-ps-bg td-ps-notext td-post-sharing-style1 \">\n<div class=\"td-post-sharing-visible\">\n<div class=\"td-social-but-icon\"><\/div>\n<\/div>\n<\/div>\n<\/div>\n<div class=\"td-post-content td-pb-padding-side\">\n<div class=\"td-post-featured-image\"><\/div>\n<p><img loading=\"lazy\" decoding=\"async\" class=\"td-animation-stack-type0-2\" src=\"https:\/\/www.minterior.gub.uy\/images\/mi_componentes\/procesados\/fichas\/25797-0a7e9c73-grande.png\" width=\"469\" height=\"625\" \/><\/p>\n<p>NOMBRES <strong>Javier Exequiel Tome Abreu<\/strong> DELITO TIPIFICADO18\/02\/2021- AUTOR PENALMENTE RESPONSABLE DE UN DELITO PREVISTO EN EL ART.31 DE LA LEY 14294 EN LA REDACCION DADA POR LA LEY 19889 EN LA MODALIDAD DE TENENCIA NO PARA CONSUMO UN DELITO DE RECEPTACION Y UN DELITO DE PORTE DE ARMA POR RECIDENTE TODOS EN REGIMEN DE REITERACION REAL\u00daLTIMO ANTECEDENTE08\/03\/2019- UN DELITO DE HURTO ESPECIALMENTE AGRAVADO EN GRADO DE TENTATIVA EN CONCURRENCIA FUERA DE LA REITERACION CON UN DELITO DE LESIONES PERSONALES A TITULO DE DOLO EVENTUAL COMO AUTOR<\/p>\n<p><img loading=\"lazy\" decoding=\"async\" class=\"td-animation-stack-type0-2\" src=\"https:\/\/www.minterior.gub.uy\/images\/mi_componentes\/procesados\/fichas\/25658-4b078ebe-grande.png\" width=\"496\" height=\"687\" \/><\/p>\n<p>NOMBRES <strong>Juan Damian Zabala D`Andrea<\/strong> DELITO TIPIFICADO12\/02\/2021- Presunta comisi\u00f3n de un delito continuado de negociaci\u00f3n de sustancias estupefacientes prohibidas, en calidad de autor \u00daLTIMO ANTECEDENTE21\/09\/2016- Autor penalmente responsable de un delito de comercializaci\u00f3n de sustancias estupefacientes prohibidas<\/p>\n<p><img loading=\"lazy\" decoding=\"async\" class=\"td-animation-stack-type0-2\" src=\"https:\/\/www.minterior.gub.uy\/images\/mi_componentes\/procesados\/fichas\/25572-103c989b-grande.png\" width=\"508\" height=\"743\" \/><\/p>\n<p>NOMBRES <strong>Alexis Javier Gonzalez Ramirez<\/strong> DELITO TIPIFICADO09\/02\/2021- Presunta comisi\u00f3n de un delito de violaci\u00f3n de domicilio en concurrencia fuera de la reiteraci\u00f3n con un delito de atentado violento al pudor este en grado de tentativa, un delito de hurto especialmente agravado por la penetraci\u00f3n domiciliaria, todos en redimen de reiteraci\u00f3n real, con dos delitos de violaci\u00f3n de domicilio en concurrencia fuera de la reiteraci\u00f3n, con dos delitos de hurto en calidad de autor \u00daLTIMO ANTECEDENTE21\/01\/2019- Autor penalmente responsable de dos delitos de receptacion en regimen de reiteraci\u00f3n real<\/p>\n<p><img loading=\"lazy\" decoding=\"async\" class=\"td-animation-stack-type0-2\" src=\"https:\/\/www.minterior.gub.uy\/images\/mi_componentes\/procesados\/fichas\/25570-af5a0d62-grande.png\" width=\"510\" height=\"715\" \/><\/p>\n<p>NOMBRES <strong>Gustavo Nicolas Diaz Iglesias<\/strong> DELITO TIPIFICADO04\/02\/2021- Ocho delitos de hurto especialmente agravados por la pluriparticipacion, todos en regimen de reiteraci\u00f3n real, en calidad de autor \u00daLTIMO ANTECEDENTE03\/02\/2020- Autor penalmente responsable de un delito de receptacion.<\/p>\n<p><img loading=\"lazy\" decoding=\"async\" class=\"td-animation-stack-type0-2\" src=\"https:\/\/www.minterior.gub.uy\/images\/mi_componentes\/procesados\/fichas\/25569-90e383eb-grande.png\" width=\"517\" height=\"809\" \/><\/p>\n<p>NOMBRES <strong>Brahyan Alejandro Sosa Osoria<\/strong> DELITO TIPIFICADO04\/02\/2021- Diez delitos de hurto ocho de ellos especialmente agravados por la pluriparticipacion, todos en regimen de reiteraci\u00f3n real, en calidad de autor \u00daLTIMO ANTECEDENTE30\/10\/2019- Autor penalmente responsable de tres delitos de hurto especialmente agravados<\/p>\n<p><img loading=\"lazy\" decoding=\"async\" class=\"td-animation-stack-type0-2\" src=\"https:\/\/www.minterior.gub.uy\/images\/mi_componentes\/procesados\/fichas\/25435-3b46cac9-grande.png\" width=\"522\" height=\"735\" \/><\/p>\n<p>NOMBRES<strong> Lucas Sebasti\u00e1n Cabrera Delia<\/strong> DELITO TIPIFICADO02\/02\/2021- Autor penalmente responsable de cinco delitos de hurto especialmente agravados, dos de ellos en grado de tentativa, dos por producirse sobre sobre cosa expuesta al publico por la necesidad o la costumbre y otro por la penetraci\u00f3n domiciliaria y la pluriparticipacion, todos en regimen de reiteraci\u00f3n real \u00daLTIMO ANTECEDENTE03\/11\/2020- Presunta comisi\u00f3n de dos delitos de hurto especialmente agravados ambos en grado de tentativa, en calidad de autor<\/p>\n<p><img loading=\"lazy\" decoding=\"async\" class=\"td-animation-stack-type0-2\" src=\"https:\/\/www.minterior.gub.uy\/images\/mi_componentes\/procesados\/fichas\/25434-ba1d7d6a-grande.png\" width=\"533\" height=\"738\" \/><\/p>\n<p>NOMBRES <strong>Walter Ernesto Rodriguez Arriola<\/strong> DELITO TIPIFICADO02\/02\/2021- Autor penalmente responsable de tres delitos de hurto, uno especialmente agravado por la penetraci\u00f3n domiciliaria, un delito de receptacion y un delito de da\u00f1o todos en regimen de reiteraci\u00f3n real \u00daLTIMO ANTECEDENTE29\/05\/2020- Autor penalmente responsable de cuatro delitos de hurto y un delito de lesiones personales todos en regimen de reiteraci\u00f3n real<\/p>\n<div id=\"wpdevar_comment_3\"><\/div>\n<\/div>\n","protected":false},"excerpt":{"rendered":"<p>El Diario digital Salto al d\u00eda, public\u00f3 en su edici\u00f3n de este lunes datos con&#8230;<\/p>\n","protected":false},"author":2,"featured_media":22072,"comment_status":"closed","ping_status":"closed","sticky":false,"template":"","format":"standard","meta":{"footnotes":"","jetpack_publicize_message":"{title}\n\n{excerpt}\n\n{url}","jetpack_publicize_feature_enabled":true,"jetpack_social_post_already_shared":true,"jetpack_social_options":{"image_generator_settings":{"template":"fullscreen","default_image_id":0,"font":"","enabled":false},"version":2},"_wpas_customize_per_network":false},"categories":[33,79],"tags":[],"class_list":["post-22070","post","type-post","status-publish","format-standard","has-post-thumbnail","hentry","category-actualidad","category-justicia"],"jetpack_publicize_connections":[],"_links":{"self":[{"href":"https:\/\/duraznohoy.com\/index.php?rest_route=\/wp\/v2\/posts\/22070","targetHints":{"allow":["GET"]}}],"collection":[{"href":"https:\/\/duraznohoy.com\/index.php?rest_route=\/wp\/v2\/posts"}],"about":[{"href":"https:\/\/duraznohoy.com\/index.php?rest_route=\/wp\/v2\/types\/post"}],"author":[{"embeddable":true,"href":"https:\/\/duraznohoy.com\/index.php?rest_route=\/wp\/v2\/users\/2"}],"replies":[{"embeddable":true,"href":"https:\/\/duraznohoy.com\/index.php?rest_route=%2Fwp%2Fv2%2Fcomments&post=22070"}],"version-history":[{"count":0,"href":"https:\/\/duraznohoy.com\/index.php?rest_route=\/wp\/v2\/posts\/22070\/revisions"}],"wp:featuredmedia":[{"embeddable":true,"href":"https:\/\/duraznohoy.com\/index.php?rest_route=\/wp\/v2\/media\/22072"}],"wp:attachment":[{"href":"https:\/\/duraznohoy.com\/index.php?rest_route=%2Fwp%2Fv2%2Fmedia&parent=22070"}],"wp:term":[{"taxonomy":"category","embeddable":true,"href":"https:\/\/duraznohoy.com\/index.php?rest_route=%2Fwp%2Fv2%2Fcategories&post=22070"},{"taxonomy":"post_tag","embeddable":true,"href":"https:\/\/duraznohoy.com\/index.php?rest_route=%2Fwp%2Fv2%2Ftags&post=22070"}],"curies":[{"name":"wp","href":"https:\/\/api.w.org\/{rel}","templated":true}]}}