{"id":22073,"date":"2021-03-03T08:49:29","date_gmt":"2021-03-03T11:49:29","guid":{"rendered":"http:\/\/duraznohoy.com\/?p=22073"},"modified":"2021-03-03T08:49:29","modified_gmt":"2021-03-03T11:49:29","slug":"por-una-deuda-de-6-anos","status":"publish","type":"post","link":"https:\/\/duraznohoy.com\/?p=22073","title":{"rendered":"Por una deuda de 6 a\u00f1os."},"content":{"rendered":"<h3 style=\"text-align: right;\">Sergio Silva, Fernando P\u00e9rez y Luis B\u00e1ez, representando a trabajadores del ex Molino Antonaccio, mantuvieron diversos contactos en Montevideo.<\/h3>\n<p>Se han reunido con el dirigente del PIT-CNT, <strong>Marcelo Abdala<\/strong>, con trabajadores del sindicato de judiciales y molineros. Hoy martes, se re\u00fanen con abogados y con el Fiscal de la Naci\u00f3n, J<strong>orge D\u00edaz.<\/strong><\/p>\n<p>La recorrida la hacen con el respaldo del Plenario Intersindical de Durazno, el cual ha dispuesto que <strong>Cielo Ramos<\/strong> (representante de Fuecys) los acompa\u00f1e.<\/p>\n<p>\u00c9stos trabajadores hace 6 a\u00f1os fueron cesados y a\u00fan no han cobrado sus cr\u00e9ditos laborales. La demanda est\u00e1 en la Justicia, pero la resoluci\u00f3n parece no llegar nunca. <\/p>\n","protected":false},"excerpt":{"rendered":"<p>Sergio Silva, Fernando P\u00e9rez y Luis B\u00e1ez, representando a trabajadores del ex Molino Antonaccio, mantuvieron&#8230;<\/p>\n","protected":false},"author":2,"featured_media":22074,"comment_status":"closed","ping_status":"closed","sticky":false,"template":"","format":"standard","meta":{"footnotes":"","jetpack_publicize_message":"{title}\n\n{excerpt}\n\n{url}","jetpack_publicize_feature_enabled":true,"jetpack_social_post_already_shared":true,"jetpack_social_options":{"image_generator_settings":{"template":"fullscreen","default_image_id":0,"font":"","enabled":false},"version":2},"_wpas_customize_per_network":false},"categories":[33,37],"tags":[],"class_list":["post-22073","post","type-post","status-publish","format-standard","has-post-thumbnail","hentry","category-actualidad","category-trabajo"],"jetpack_publicize_connections":[],"_links":{"self":[{"href":"https:\/\/duraznohoy.com\/index.php?rest_route=\/wp\/v2\/posts\/22073","targetHints":{"allow":["GET"]}}],"collection":[{"href":"https:\/\/duraznohoy.com\/index.php?rest_route=\/wp\/v2\/posts"}],"about":[{"href":"https:\/\/duraznohoy.com\/index.php?rest_route=\/wp\/v2\/types\/post"}],"author":[{"embeddable":true,"href":"https:\/\/duraznohoy.com\/index.php?rest_route=\/wp\/v2\/users\/2"}],"replies":[{"embeddable":true,"href":"https:\/\/duraznohoy.com\/index.php?rest_route=%2Fwp%2Fv2%2Fcomments&post=22073"}],"version-history":[{"count":0,"href":"https:\/\/duraznohoy.com\/index.php?rest_route=\/wp\/v2\/posts\/22073\/revisions"}],"wp:featuredmedia":[{"embeddable":true,"href":"https:\/\/duraznohoy.com\/index.php?rest_route=\/wp\/v2\/media\/22074"}],"wp:attachment":[{"href":"https:\/\/duraznohoy.com\/index.php?rest_route=%2Fwp%2Fv2%2Fmedia&parent=22073"}],"wp:term":[{"taxonomy":"category","embeddable":true,"href":"https:\/\/duraznohoy.com\/index.php?rest_route=%2Fwp%2Fv2%2Fcategories&post=22073"},{"taxonomy":"post_tag","embeddable":true,"href":"https:\/\/duraznohoy.com\/index.php?rest_route=%2Fwp%2Fv2%2Ftags&post=22073"}],"curies":[{"name":"wp","href":"https:\/\/api.w.org\/{rel}","templated":true}]}}