{"id":22076,"date":"2021-03-03T13:01:39","date_gmt":"2021-03-03T16:01:39","guid":{"rendered":"http:\/\/duraznohoy.com\/?p=22076"},"modified":"2021-03-03T13:01:39","modified_gmt":"2021-03-03T16:01:39","slug":"a-la-carcel-tras-agredir-a-policias","status":"publish","type":"post","link":"https:\/\/duraznohoy.com\/?p=22076","title":{"rendered":"A la c\u00e1rcel tras agredir a polic\u00edas."},"content":{"rendered":"<h3>Un hombre que agredi\u00f3 a los polic\u00edas y da\u00f1\u00f3 un m\u00f3vil policial, fue condenado a 6 meses de prisi\u00f3n.<\/h3>\n<p>La informaci\u00f3n oficial establece:<\/p>\n<p>Pr\u00f3ximo a la hora 12:00 del d\u00eda de ayer se procedi\u00f3 por disposici\u00f3n fiscal a la detenci\u00f3n de un hombre mayor de edad poseedor de antecedentes judiciales el cual d\u00edas pasados hab\u00eda sido intervenido por la Polic\u00eda.<\/p>\n<p>Dando cumplimiento al mandato fiscal, personal policial concurri\u00f3 al domicilio del ciudadano el cual al ver a los mismos se ofusco arremetiendo contra ellos intentado agredirlos, teniendo que ser reducido a viva fuerza, por lo cual se lo traslad\u00f3 a dependencias policiales, provocando da\u00f1os en el m\u00f3vil policial, siendo enterada de los hechos la fiscal del caso.<\/p>\n<p>Conducido ante la justicia competente se dispuso la formalizaci\u00f3n de la investigaci\u00f3n para el detenido \u00abcomo autor responsable de un delito de atentado en reiteraci\u00f3n real con un delito de da\u00f1o\u201d, conden\u00e1ndolo a la pena de 6 meses de prisi\u00f3n de cumplimiento efectivo.<\/p>\n<p><strong>En Villa del Carmen.<\/strong><\/p>\n<p>En horas de la madrugada del d\u00eda s\u00e1bado pr\u00f3ximo pasado se tom\u00f3 conocimiento en Comisar\u00eda 4ta, con asiento en la localidad de Villa del Carmen, que en una finca ubicada en la jurisdicci\u00f3n la cual se encontraba sin moradores, desconocidos hab\u00edan ingresado hurtando un televisor, una cocina, una amoladora, una sierra caladora y ropas varias.<\/p>\n<p>Atento a lo expuesto personal de la Unidad policial realizaron las averiguaciones del caso logrado establecer que no ser\u00eda ajeno al hecho un hombre mayor de edad poseedor de antecedentes judiciales, siendo detenido y puesto a disposici\u00f3n de la fiscal\u00eda competente.<\/p>\n<p>Culminada la instancia judicial se dispuso la formalizaci\u00f3n de la investigaci\u00f3n para el detenido \u00abpor la presunta comisi\u00f3n en calidad de autor de un delito de receptaci\u00f3n\u00bb dict\u00e1ndose sentencia definitiva, por la cual se lo conden\u00f3 a 8 meses de prisi\u00f3n de cumplimiento efectivo.<\/p>\n<p>&nbsp;<\/p>\n<p>&nbsp;<\/p>\n<p>&nbsp; <\/p>\n","protected":false},"excerpt":{"rendered":"<p>Un hombre que agredi\u00f3 a los polic\u00edas y da\u00f1\u00f3 un m\u00f3vil policial, fue condenado a&#8230;<\/p>\n","protected":false},"author":2,"featured_media":22077,"comment_status":"closed","ping_status":"closed","sticky":false,"template":"","format":"standard","meta":{"footnotes":"","jetpack_publicize_message":"{title}\n\n{excerpt}\n\n{url}","jetpack_publicize_feature_enabled":true,"jetpack_social_post_already_shared":true,"jetpack_social_options":{"image_generator_settings":{"template":"fullscreen","default_image_id":0,"font":"","enabled":false},"version":2},"_wpas_customize_per_network":false},"categories":[33,21],"tags":[],"class_list":["post-22076","post","type-post","status-publish","format-standard","has-post-thumbnail","hentry","category-actualidad","category-policiales"],"jetpack_publicize_connections":[],"_links":{"self":[{"href":"https:\/\/duraznohoy.com\/index.php?rest_route=\/wp\/v2\/posts\/22076","targetHints":{"allow":["GET"]}}],"collection":[{"href":"https:\/\/duraznohoy.com\/index.php?rest_route=\/wp\/v2\/posts"}],"about":[{"href":"https:\/\/duraznohoy.com\/index.php?rest_route=\/wp\/v2\/types\/post"}],"author":[{"embeddable":true,"href":"https:\/\/duraznohoy.com\/index.php?rest_route=\/wp\/v2\/users\/2"}],"replies":[{"embeddable":true,"href":"https:\/\/duraznohoy.com\/index.php?rest_route=%2Fwp%2Fv2%2Fcomments&post=22076"}],"version-history":[{"count":0,"href":"https:\/\/duraznohoy.com\/index.php?rest_route=\/wp\/v2\/posts\/22076\/revisions"}],"wp:featuredmedia":[{"embeddable":true,"href":"https:\/\/duraznohoy.com\/index.php?rest_route=\/wp\/v2\/media\/22077"}],"wp:attachment":[{"href":"https:\/\/duraznohoy.com\/index.php?rest_route=%2Fwp%2Fv2%2Fmedia&parent=22076"}],"wp:term":[{"taxonomy":"category","embeddable":true,"href":"https:\/\/duraznohoy.com\/index.php?rest_route=%2Fwp%2Fv2%2Fcategories&post=22076"},{"taxonomy":"post_tag","embeddable":true,"href":"https:\/\/duraznohoy.com\/index.php?rest_route=%2Fwp%2Fv2%2Ftags&post=22076"}],"curies":[{"name":"wp","href":"https:\/\/api.w.org\/{rel}","templated":true}]}}