{"id":22382,"date":"2021-03-18T14:04:08","date_gmt":"2021-03-18T17:04:08","guid":{"rendered":"http:\/\/duraznohoy.com\/?p=22382"},"modified":"2021-03-18T14:04:08","modified_gmt":"2021-03-18T17:04:08","slug":"a-prision-por-hurto-2","status":"publish","type":"post","link":"https:\/\/duraznohoy.com\/?p=22382","title":{"rendered":"A prisi\u00f3n por hurto."},"content":{"rendered":"<h3>Dos personas fueron a prisi\u00f3n por sendos hurtos cometidos en las \u00faltimas semanas.<\/h3>\n<p>En horas de la ma\u00f1ana del d\u00eda martes 5 de enero del presente a\u00f1o, se tom\u00f3 conocimiento en Comisar\u00eda 13era., que en una finca ubicada en la jurisdicci\u00f3n se hab\u00eda perpetrado el hurto de una notebook.<\/p>\n<p>Atento a lo denunciado personal de la Unidad, realiz\u00f3 las actuaciones pertinentes al caso pudiendo establecer que el autor del il\u00edcito ser\u00eda un hombre mayor de edad poseedor de antecedentes judiciales, siendo enterada la Fiscal\u00eda competente.<\/p>\n<p>D\u00eda de ayer, fue detenido el implicado y conducido a la sede Judicial donde al t\u00e9rmino de la audiencia se dispuso la formalizaci\u00f3n de la investigaci\u00f3n para el indagado como <strong>\u201cautor penalmente responsable de un delito de hurto especialmente agravado\u201d, conden\u00e1ndolo a la pena de (13) meses de prisi\u00f3n efectiva.<\/strong><\/p>\n<h3>Otro<\/h3>\n<p>En horas de la madrugada del d\u00eda mi\u00e9rcoles 24 de de febrero del presente a\u00f1o, se tom\u00f3 conocimiento en Comisar\u00eda 15ta., que en un comercio ubicado en la jurisdicci\u00f3n se hab\u00edan producido da\u00f1os en los candados de la puerta de ingreso al local hurt\u00e1ndole dinero.<\/p>\n<p>Atento a lo expuesto personal de la Unidad, realiz\u00f3 las actuaciones pertinentes al caso pudiendo establecer que el autor del il\u00edcito ser\u00eda un hombre mayor de edad poseedor de antecedentes judiciales.<\/p>\n<p>Tambi\u00e9n se logr\u00f3 establecer en el transcurso de la investigaci\u00f3n que el implicado hab\u00eda perpetrado otros tres delitos de hurto estando plenamente identificado, por lo que fue detenido y puesto a disposici\u00f3n de la fiscal\u00eda competente junto con los indicios probatorios respectivos.<\/p>\n<p>D\u00eda de ayer fue conducido a la sede Judicial donde al t\u00e9rmino de la audiencia se dispuso la formalizaci\u00f3n de la investigaci\u00f3n para el indagado como <strong>\u201cautor responsable de cuatro delitos de hurto, uno en grado de tentativa, y un delito de da\u00f1o en reiteraci\u00f3n real\u201d, conden\u00e1ndolo a la pena de (18) meses de prisi\u00f3n efectiva.<\/strong><\/p>\n<p>&nbsp; <\/p>\n","protected":false},"excerpt":{"rendered":"<p>Dos personas fueron a prisi\u00f3n por sendos hurtos cometidos en las \u00faltimas semanas. En horas&#8230;<\/p>\n","protected":false},"author":2,"featured_media":22383,"comment_status":"closed","ping_status":"closed","sticky":false,"template":"","format":"standard","meta":{"footnotes":"","jetpack_publicize_message":"{title}\n\n{excerpt}\n\n{url}","jetpack_publicize_feature_enabled":true,"jetpack_social_post_already_shared":true,"jetpack_social_options":{"image_generator_settings":{"template":"fullscreen","default_image_id":0,"font":"","enabled":false},"version":2},"_wpas_customize_per_network":false},"categories":[33,21],"tags":[],"class_list":["post-22382","post","type-post","status-publish","format-standard","has-post-thumbnail","hentry","category-actualidad","category-policiales"],"jetpack_publicize_connections":[],"_links":{"self":[{"href":"https:\/\/duraznohoy.com\/index.php?rest_route=\/wp\/v2\/posts\/22382","targetHints":{"allow":["GET"]}}],"collection":[{"href":"https:\/\/duraznohoy.com\/index.php?rest_route=\/wp\/v2\/posts"}],"about":[{"href":"https:\/\/duraznohoy.com\/index.php?rest_route=\/wp\/v2\/types\/post"}],"author":[{"embeddable":true,"href":"https:\/\/duraznohoy.com\/index.php?rest_route=\/wp\/v2\/users\/2"}],"replies":[{"embeddable":true,"href":"https:\/\/duraznohoy.com\/index.php?rest_route=%2Fwp%2Fv2%2Fcomments&post=22382"}],"version-history":[{"count":0,"href":"https:\/\/duraznohoy.com\/index.php?rest_route=\/wp\/v2\/posts\/22382\/revisions"}],"wp:featuredmedia":[{"embeddable":true,"href":"https:\/\/duraznohoy.com\/index.php?rest_route=\/wp\/v2\/media\/22383"}],"wp:attachment":[{"href":"https:\/\/duraznohoy.com\/index.php?rest_route=%2Fwp%2Fv2%2Fmedia&parent=22382"}],"wp:term":[{"taxonomy":"category","embeddable":true,"href":"https:\/\/duraznohoy.com\/index.php?rest_route=%2Fwp%2Fv2%2Fcategories&post=22382"},{"taxonomy":"post_tag","embeddable":true,"href":"https:\/\/duraznohoy.com\/index.php?rest_route=%2Fwp%2Fv2%2Ftags&post=22382"}],"curies":[{"name":"wp","href":"https:\/\/api.w.org\/{rel}","templated":true}]}}