{"id":22397,"date":"2021-03-20T20:53:54","date_gmt":"2021-03-20T23:53:54","guid":{"rendered":"http:\/\/duraznohoy.com\/?p=22397"},"modified":"2021-03-20T20:53:54","modified_gmt":"2021-03-20T23:53:54","slug":"compleja-situacion-sanitaria-podria-llevar-a-nuevas-medidas","status":"publish","type":"post","link":"https:\/\/duraznohoy.com\/?p=22397","title":{"rendered":"Compleja situaci\u00f3n sanitaria podr\u00eda llevar a nuevas medidas"},"content":{"rendered":"<p><img loading=\"lazy\" decoding=\"async\" src=\"https:\/\/duraznohoy.com\/wp-content\/uploads\/2021\/03\/IMG-20210319-WA0003-174x300.jpg\" alt=\"\" width=\"174\" height=\"300\" class=\"alignnone size-medium wp-image-22394\" srcset=\"https:\/\/duraznohoy.com\/wp-content\/uploads\/2021\/03\/IMG-20210319-WA0003-174x300.jpg 174w, https:\/\/duraznohoy.com\/wp-content\/uploads\/2021\/03\/IMG-20210319-WA0003-595x1024.jpg 595w, https:\/\/duraznohoy.com\/wp-content\/uploads\/2021\/03\/IMG-20210319-WA0003.jpg 720w\" sizes=\"auto, (max-width: 174px) 100vw, 174px\" \/><br \/>\nEl Comit\u00e9 Departamental de Emergencias de Durazno informa que en<br \/>\nvirtud de la compleja situaci\u00f3n epidemiol\u00f3gica actual, ratifica las medidas adoptadas y las anunciadas por parte del Se\u00f1or presidente de la Rep\u00fablica.<br \/>\nEn caso de persistir el aumento exponencial de casos positivos de Covid-19 en nuestro departamento, las restricciones ser\u00e1n m\u00e1s severas.<br \/>\nCinco equipos inspectivos conformados por funcionarios de la Intendencia de Durazno, Ministerio de Salud P\u00fablica y Ministerio del Interior se encuentran fiscalizando el estricto cumplimiento de las medidas de prevenci\u00f3n del Coronavirus, el aforo autorizado en bares, restaurantes y afines, como as\u00ed tambi\u00e9n en gimnasios.<br \/>\nDe igual modo se realiza el control de la movilidad social, en particular en horas nocturnas.<br \/>\nEs importante que la poblaci\u00f3n tenga una actitud responsable a los efectos de poder revertir una situaci\u00f3n que se presenta como muy dif\u00edcil. La vacunaci\u00f3n y mantener en forma estricta las medidas de prevenci\u00f3n recomendadas por las autoridades sanitarias son fundamentales.<br \/>\nEn el d\u00eda de hoy se realizaron 56 Test. Seis pacientes est\u00e1n internados, uno de ellos en CTI. Los casos activos se encuentran en Durazno, Blanquillo, Centenario, Cerro Chato, Villa del Carmen y Sarand\u00ed del Y\u00ed.<br \/>\nSe adjunta el reporte diario sobre la situaci\u00f3n epidemiol\u00f3gica brindado por el SINAE. El departamento de Durazno se encuentra en color rojo seg\u00fan el \u00edndice de Harvard y hoy sumo 16 nuevos casos.<br \/>\nEl Comit\u00e9 Departamental de Emergencias de Durazno se mantiene en sesi\u00f3n permanente y atento a la evoluci\u00f3n de la situaci\u00f3n sanitaria. <\/p>\n","protected":false},"excerpt":{"rendered":"<p>El Comit\u00e9 Departamental de Emergencias de Durazno informa que en virtud de la compleja situaci\u00f3n&#8230;<\/p>\n","protected":false},"author":26,"featured_media":22394,"comment_status":"closed","ping_status":"closed","sticky":false,"template":"","format":"standard","meta":{"footnotes":"","jetpack_publicize_message":"{title}\n\n{excerpt}\n\n{url}","jetpack_publicize_feature_enabled":true,"jetpack_social_post_already_shared":true,"jetpack_social_options":{"image_generator_settings":{"template":"fullscreen","default_image_id":0,"font":"","enabled":false},"version":2},"_wpas_customize_per_network":false},"categories":[33],"tags":[],"class_list":["post-22397","post","type-post","status-publish","format-standard","has-post-thumbnail","hentry","category-actualidad"],"jetpack_publicize_connections":[],"_links":{"self":[{"href":"https:\/\/duraznohoy.com\/index.php?rest_route=\/wp\/v2\/posts\/22397","targetHints":{"allow":["GET"]}}],"collection":[{"href":"https:\/\/duraznohoy.com\/index.php?rest_route=\/wp\/v2\/posts"}],"about":[{"href":"https:\/\/duraznohoy.com\/index.php?rest_route=\/wp\/v2\/types\/post"}],"author":[{"embeddable":true,"href":"https:\/\/duraznohoy.com\/index.php?rest_route=\/wp\/v2\/users\/26"}],"replies":[{"embeddable":true,"href":"https:\/\/duraznohoy.com\/index.php?rest_route=%2Fwp%2Fv2%2Fcomments&post=22397"}],"version-history":[{"count":0,"href":"https:\/\/duraznohoy.com\/index.php?rest_route=\/wp\/v2\/posts\/22397\/revisions"}],"wp:featuredmedia":[{"embeddable":true,"href":"https:\/\/duraznohoy.com\/index.php?rest_route=\/wp\/v2\/media\/22394"}],"wp:attachment":[{"href":"https:\/\/duraznohoy.com\/index.php?rest_route=%2Fwp%2Fv2%2Fmedia&parent=22397"}],"wp:term":[{"taxonomy":"category","embeddable":true,"href":"https:\/\/duraznohoy.com\/index.php?rest_route=%2Fwp%2Fv2%2Fcategories&post=22397"},{"taxonomy":"post_tag","embeddable":true,"href":"https:\/\/duraznohoy.com\/index.php?rest_route=%2Fwp%2Fv2%2Ftags&post=22397"}],"curies":[{"name":"wp","href":"https:\/\/api.w.org\/{rel}","templated":true}]}}