{"id":22457,"date":"2021-03-25T22:52:41","date_gmt":"2021-03-26T01:52:41","guid":{"rendered":"http:\/\/duraznohoy.com\/?p=22457"},"modified":"2021-03-25T22:52:41","modified_gmt":"2021-03-26T01:52:41","slug":"papa-no-sufre-mas","status":"publish","type":"post","link":"https:\/\/duraznohoy.com\/?p=22457","title":{"rendered":"\u201cPap\u00e1 no sufre m\u00e1s\u201d."},"content":{"rendered":"<h3 style=\"text-align: right;\"><strong>Muri\u00f3 el periodista y comunicador Alberto Sonsol, tras padecer\u00a0 COVID-19.\u00a0 Su deceso se produjo a ra\u00edz de severas complicaciones sanitarias derivadas de la enfermedad.<\/strong><\/h3>\n<p>Alberto Sonsol naci\u00f3 el 26 de noviembre de 1957 en Montevideo, destac\u00e1ndose en medios radiales y televisivos como periodista deportivo, presentador y locutor.<br \/>\nA lo largo de su carrera, trabaj\u00f3 como periodista de f\u00fatbol y b\u00e1squetbol en Radio &#8216;El Espectador&#8217;, Saeta TV Canal 10, en Tenfield -a trav\u00e9s de la se\u00f1al VTV-, y como panelista en La hora de los deportes de Televisi\u00f3n Nacional Uruguay (TNU). Hasta el a\u00f1o 2017 se desempe\u00f1\u00f3 periodista deportivo en Sport 890.\u200b<br \/>\nSe destaca su trabajo como animador del programa de entretenimientos \u201cEscape perfecto\u201d conjuntamente con Ana Sof\u00eda Facello y desde 2020 integra el equipo de Pol\u00e9mica en el bar Uruguay, ambos programas televisivos del Canal 10.<br \/>\nSonsol fue el relator principal de los partidos de f\u00fatbol de la Primera Divisi\u00f3n de Uruguay en producci\u00f3n de Tenfied acompa\u00f1ado de los comentarios de Juan Carlos Scelza y de la Liga Uruguaya de B\u00e1squetbol, con Carlos Peinado en los comentarios.<br \/>\nPara ese canal relataba asimismo los encuentros de la Selecci\u00f3n de baloncesto de Uruguay, tanto en partidos amistosos como en competencias internacionales organizadas por la FIBA.<br \/>\nFue distinguido en dos ocasiones con el \u201cPremio Iris\u201d: recibi\u00f3 el Iris de Oro y en el rubro Mejor Conducci\u00f3n Masculina en 2016, y en 2017, como Mejor Relator en Radio.<br \/>\nEl colega \u00a0estaba internado en el Hospital Brit\u00e1nico desde el pasado 16 de marzo por un cuadro de coronavirus SARS-coV-2, causante de la COVID-19.En la noche del pasado s\u00e1bado, fue ingresado al centro de tratamientos intensivos del hospital, con severas dificultades para respirar.<\/p>\n<p>Su estado de salud se agrav\u00f3 hoy debido a complicaciones derivadas de la enfermedad y esta tarde falleci\u00f3.<\/p>\n<p>Uno de sus hijos, <strong>Alejandro Sonsol<\/strong>, public\u00f3 en su cuenta de twitter: <strong>\u201cPap\u00e1 no sufre m\u00e1s\u201d.<\/strong><\/p>\n<p>&nbsp; <\/p>\n","protected":false},"excerpt":{"rendered":"<p>Muri\u00f3 el periodista y comunicador Alberto Sonsol, tras padecer\u00a0 COVID-19.\u00a0 Su deceso se produjo a&#8230;<\/p>\n","protected":false},"author":2,"featured_media":22459,"comment_status":"closed","ping_status":"closed","sticky":false,"template":"","format":"standard","meta":{"footnotes":"","jetpack_publicize_message":"{title}\n\n{excerpt}\n\n{url}","jetpack_publicize_feature_enabled":true,"jetpack_social_post_already_shared":true,"jetpack_social_options":{"image_generator_settings":{"template":"fullscreen","default_image_id":0,"font":"","enabled":false},"version":2},"_wpas_customize_per_network":false},"categories":[33,17],"tags":[],"class_list":["post-22457","post","type-post","status-publish","format-standard","has-post-thumbnail","hentry","category-actualidad","category-deceso"],"jetpack_publicize_connections":[],"_links":{"self":[{"href":"https:\/\/duraznohoy.com\/index.php?rest_route=\/wp\/v2\/posts\/22457","targetHints":{"allow":["GET"]}}],"collection":[{"href":"https:\/\/duraznohoy.com\/index.php?rest_route=\/wp\/v2\/posts"}],"about":[{"href":"https:\/\/duraznohoy.com\/index.php?rest_route=\/wp\/v2\/types\/post"}],"author":[{"embeddable":true,"href":"https:\/\/duraznohoy.com\/index.php?rest_route=\/wp\/v2\/users\/2"}],"replies":[{"embeddable":true,"href":"https:\/\/duraznohoy.com\/index.php?rest_route=%2Fwp%2Fv2%2Fcomments&post=22457"}],"version-history":[{"count":0,"href":"https:\/\/duraznohoy.com\/index.php?rest_route=\/wp\/v2\/posts\/22457\/revisions"}],"wp:featuredmedia":[{"embeddable":true,"href":"https:\/\/duraznohoy.com\/index.php?rest_route=\/wp\/v2\/media\/22459"}],"wp:attachment":[{"href":"https:\/\/duraznohoy.com\/index.php?rest_route=%2Fwp%2Fv2%2Fmedia&parent=22457"}],"wp:term":[{"taxonomy":"category","embeddable":true,"href":"https:\/\/duraznohoy.com\/index.php?rest_route=%2Fwp%2Fv2%2Fcategories&post=22457"},{"taxonomy":"post_tag","embeddable":true,"href":"https:\/\/duraznohoy.com\/index.php?rest_route=%2Fwp%2Fv2%2Ftags&post=22457"}],"curies":[{"name":"wp","href":"https:\/\/api.w.org\/{rel}","templated":true}]}}