{"id":22466,"date":"2021-03-26T14:09:20","date_gmt":"2021-03-26T17:09:20","guid":{"rendered":"http:\/\/duraznohoy.com\/?p=22466"},"modified":"2021-03-26T14:09:20","modified_gmt":"2021-03-26T17:09:20","slug":"horarios-en-el-rubino","status":"publish","type":"post","link":"https:\/\/duraznohoy.com\/?p=22466","title":{"rendered":"Horarios en el \u00abRubino\u00bb."},"content":{"rendered":"<p><strong>El Equipo de Direcci\u00f3n del Instituto \u201cDr. Miguel C. Rubino\u201d comunica a la poblaci\u00f3n que, debido a la emergencia sanitaria actual y al protocolo establecido por la Direcci\u00f3n General de Ense\u00f1anza Secundaria, desde el lunes 5 de abril y hasta nuevo aviso, permanecer\u00e1 abierto en el siguiente horario:<\/strong><\/p>\n<ul>\n<li>Turno matutino: de 09:00 a 12:00 horas.<\/li>\n<li>Turno vespertino: de 15:00 a 18:00 horas.<\/li>\n<li>Turno nocturno: de 18:00 a 21:00 horas.<\/li>\n<\/ul>\n<p>Asimismo, informamos a aquellos estudiantes que por diferentes motivos no accedan a conexi\u00f3n de internet para realizar las tareas, pueden comunicarse al Liceo para realizar las mismas, a trav\u00e9s de los tel\u00e9fonos 4362 2418 y 4362 5300 en los mencionados horarios.<\/p>\n<p>Por tr\u00e1mites administrativos comunicarse al correo electr\u00f3nico: <em><strong>liceorubino@gmail.com\u00a0<\/strong><\/em><\/p>\n<p>Prof. Jorge O. Porta- Director<\/p>\n<p>Prof. Ana Cedr\u00e9s- Subdirectora Turno Diurno<\/p>\n<p>Prof. Eda Etcheverr\u00eda \u2013 Subdirectora Turno Nocturno <\/p>\n","protected":false},"excerpt":{"rendered":"<p>El Equipo de Direcci\u00f3n del Instituto \u201cDr. Miguel C. Rubino\u201d comunica a la poblaci\u00f3n que,&#8230;<\/p>\n","protected":false},"author":2,"featured_media":21709,"comment_status":"closed","ping_status":"closed","sticky":false,"template":"","format":"standard","meta":{"footnotes":"","jetpack_publicize_message":"{title}\n\n{excerpt}\n\n{url}","jetpack_publicize_feature_enabled":true,"jetpack_social_post_already_shared":true,"jetpack_social_options":{"image_generator_settings":{"template":"fullscreen","default_image_id":0,"font":"","enabled":false},"version":2},"_wpas_customize_per_network":false},"categories":[33,8],"tags":[],"class_list":["post-22466","post","type-post","status-publish","format-standard","has-post-thumbnail","hentry","category-actualidad","category-educacion"],"jetpack_publicize_connections":[],"_links":{"self":[{"href":"https:\/\/duraznohoy.com\/index.php?rest_route=\/wp\/v2\/posts\/22466","targetHints":{"allow":["GET"]}}],"collection":[{"href":"https:\/\/duraznohoy.com\/index.php?rest_route=\/wp\/v2\/posts"}],"about":[{"href":"https:\/\/duraznohoy.com\/index.php?rest_route=\/wp\/v2\/types\/post"}],"author":[{"embeddable":true,"href":"https:\/\/duraznohoy.com\/index.php?rest_route=\/wp\/v2\/users\/2"}],"replies":[{"embeddable":true,"href":"https:\/\/duraznohoy.com\/index.php?rest_route=%2Fwp%2Fv2%2Fcomments&post=22466"}],"version-history":[{"count":0,"href":"https:\/\/duraznohoy.com\/index.php?rest_route=\/wp\/v2\/posts\/22466\/revisions"}],"wp:featuredmedia":[{"embeddable":true,"href":"https:\/\/duraznohoy.com\/index.php?rest_route=\/wp\/v2\/media\/21709"}],"wp:attachment":[{"href":"https:\/\/duraznohoy.com\/index.php?rest_route=%2Fwp%2Fv2%2Fmedia&parent=22466"}],"wp:term":[{"taxonomy":"category","embeddable":true,"href":"https:\/\/duraznohoy.com\/index.php?rest_route=%2Fwp%2Fv2%2Fcategories&post=22466"},{"taxonomy":"post_tag","embeddable":true,"href":"https:\/\/duraznohoy.com\/index.php?rest_route=%2Fwp%2Fv2%2Ftags&post=22466"}],"curies":[{"name":"wp","href":"https:\/\/api.w.org\/{rel}","templated":true}]}}