{"id":22468,"date":"2021-03-26T14:22:28","date_gmt":"2021-03-26T17:22:28","guid":{"rendered":"http:\/\/duraznohoy.com\/?p=22468"},"modified":"2021-03-26T14:22:28","modified_gmt":"2021-03-26T17:22:28","slug":"medidas-diferenciadas-por-regiones","status":"publish","type":"post","link":"https:\/\/duraznohoy.com\/?p=22468","title":{"rendered":"Medidas diferenciadas por regiones."},"content":{"rendered":"<h3><strong>El Comit\u00e9 Ejecutivo de la Federaci\u00f3n M\u00e9dica del Interior (FEMI) se reuni\u00f3 este jueves con el presidente de la rep\u00fablica, Luis Lacalle Pou.<\/strong><\/h3>\n<p>Luego de la reuni\u00f3n, la FEMI expres\u00f3 en su cuenta de Twitter que la idea era reunirse con Lacalle porque el interior atraviesa <em><strong>\u00abel peor momento\u00bb<\/strong> <\/em>de la pandemia de COVID-19 en el interior del pa\u00eds, al igual que Montevideo.<\/p>\n<p>Entre otros temas, la FEMI hizo planteos sobre <strong><em>\u00abmedidas diferenciadas por regiones\u00bb, la movilidad en Semana de Turismo, \u00abla fatiga por sobrecarga de los equipos de salud\u00bb, \u00abla preocupaci\u00f3n ante la eventual saturaci\u00f3n de los servicios de salud y la necesidad de vacunatorios m\u00f3viles para el interior del pa\u00eds\u00bb.<\/em><\/strong> <\/p>\n","protected":false},"excerpt":{"rendered":"<p>El Comit\u00e9 Ejecutivo de la Federaci\u00f3n M\u00e9dica del Interior (FEMI) se reuni\u00f3 este jueves con&#8230;<\/p>\n","protected":false},"author":2,"featured_media":22469,"comment_status":"closed","ping_status":"closed","sticky":false,"template":"","format":"standard","meta":{"footnotes":"","jetpack_publicize_message":"{title}\n\n{excerpt}\n\n{url}","jetpack_publicize_feature_enabled":true,"jetpack_social_post_already_shared":true,"jetpack_social_options":{"image_generator_settings":{"template":"fullscreen","default_image_id":0,"font":"","enabled":false},"version":2},"_wpas_customize_per_network":false},"categories":[109,32],"tags":[],"class_list":["post-22468","post","type-post","status-publish","format-standard","has-post-thumbnail","hentry","category-coronavirus-2","category-salud"],"jetpack_publicize_connections":[],"_links":{"self":[{"href":"https:\/\/duraznohoy.com\/index.php?rest_route=\/wp\/v2\/posts\/22468","targetHints":{"allow":["GET"]}}],"collection":[{"href":"https:\/\/duraznohoy.com\/index.php?rest_route=\/wp\/v2\/posts"}],"about":[{"href":"https:\/\/duraznohoy.com\/index.php?rest_route=\/wp\/v2\/types\/post"}],"author":[{"embeddable":true,"href":"https:\/\/duraznohoy.com\/index.php?rest_route=\/wp\/v2\/users\/2"}],"replies":[{"embeddable":true,"href":"https:\/\/duraznohoy.com\/index.php?rest_route=%2Fwp%2Fv2%2Fcomments&post=22468"}],"version-history":[{"count":0,"href":"https:\/\/duraznohoy.com\/index.php?rest_route=\/wp\/v2\/posts\/22468\/revisions"}],"wp:featuredmedia":[{"embeddable":true,"href":"https:\/\/duraznohoy.com\/index.php?rest_route=\/wp\/v2\/media\/22469"}],"wp:attachment":[{"href":"https:\/\/duraznohoy.com\/index.php?rest_route=%2Fwp%2Fv2%2Fmedia&parent=22468"}],"wp:term":[{"taxonomy":"category","embeddable":true,"href":"https:\/\/duraznohoy.com\/index.php?rest_route=%2Fwp%2Fv2%2Fcategories&post=22468"},{"taxonomy":"post_tag","embeddable":true,"href":"https:\/\/duraznohoy.com\/index.php?rest_route=%2Fwp%2Fv2%2Ftags&post=22468"}],"curies":[{"name":"wp","href":"https:\/\/api.w.org\/{rel}","templated":true}]}}