{"id":22471,"date":"2021-03-26T17:58:44","date_gmt":"2021-03-26T20:58:44","guid":{"rendered":"http:\/\/duraznohoy.com\/?p=22471"},"modified":"2021-03-26T18:26:33","modified_gmt":"2021-03-26T21:26:33","slug":"entre-la-muerte-de-sonsol-y-las-anonimas-lo-que-nos-jugamos-en-estos-dias","status":"publish","type":"post","link":"https:\/\/duraznohoy.com\/?p=22471","title":{"rendered":"Entre la muerte de Sonsol y las an\u00f3nimas, lo que nos jugamos en estos d\u00edas."},"content":{"rendered":"<p>&nbsp;<\/p>\n<p style=\"text-align: right;\"><span style=\"color: #000000;\"><strong>Por\u00a0<a style=\"color: #000000;\" href=\"https:\/\/www.enperspectiva.net\/author\/emiliano\/\">Emiliano Cotelo<\/a>\u00a0<\/strong><\/span><\/p>\n<p style=\"text-align: left;\"><strong>Ayer muri\u00f3 Alberto Sonsol, que estaba internado con covid desde el martes de la semana pasada.<\/strong><\/p>\n<p style=\"text-align: left;\">Creo que nunca me cruc\u00e9 con \u00e9l. No recuerdo haberlo saludado, ni siquiera al pasar en un evento. Sin embargo su fallecimiento me golpe\u00f3. \u00bfPor qu\u00e9? Por la misma raz\u00f3n por la que seguramente les peg\u00f3 a muchos de ustedes. Era una figura familiar. Incluso no siendo yo un seguidor suyo, a cada rato Sonsol se aparec\u00eda en mi casa, igual que en la de ustedes, cuando, pasando de canal en canal de televisi\u00f3n, lo encontraba en alguna de sus facetas de comunicador: periodista deportivo, relator de basquetbol o de f\u00fatbol, conductor de programas de entretenimiento o polemista en temas de actualidad.<\/p>\n<p>La pandemia se llev\u00f3 esta vez a alguien que conocemos todos (o casi todos).<\/p>\n<p>Alguien mucho m\u00e1s conocido que Andr\u00e9s Abt, el joven alcalde blanco del Municipio CH, de 48 a\u00f1os, que muri\u00f3 de covid hace dos semanas, o que el doctor Enrique Soto, el destacado cardi\u00f3logo que fuera dirigente del Sindicato M\u00e9dico del Uruguay y jerarca de ASSE en gobiernos del Frente Amplio, que dej\u00f3 de existir en diciembre del a\u00f1o pasado, o que el doctor Rodolfo Gonz\u00e1lez Rissotto, el respetado profesor e historiador que hace casi un a\u00f1o fue la primera v\u00edctima del coronavirus en nuestro pa\u00eds.<\/p>\n<p>Esta muerte famosa, la de Sonsol, nos conmueve pero solo es una de las 856 que ya acumulamos desde el 13 de marzo de 2020. A la mayor\u00eda de ellas las registramos casi como datos fr\u00edos de una enumeraci\u00f3n r\u00e1pida. Ayer, por ejemplo, el reporte del Sinae inform\u00f3 que <strong><em>\u201chubo 13 fallecimientos con diagn\u00f3stico de SARS-CoV-2 en nuestro pa\u00eds\u201d\u00a0y luego detall\u00f3:\u00a0\u201cSe trata de 1 paciente de Canelones de 85 a\u00f1os, 1 paciente de Rivera de 96 a\u00f1os, 1 paciente de Tacuaremb\u00f3 de 60 a\u00f1os, 2 pacientes de Soriano de 59 y 79 a\u00f1os y 7 pacientes de Montevideo de 50, 58, 61, 75, 85, 89 y 93 a\u00f1os.\u201d<\/em><\/strong>\u00a0Eso fue todo.<\/p>\n<p>As\u00ed, tan secamente lo consignamos, sin siquiera destacar que detr\u00e1s de cada una de esas defunciones hay varios d\u00edas de lucha por la supervivencia en un CTI, una familia dolorida y marcada, un gran grupo de amigos sin sosiego.<\/p>\n<p>Esa, la suma de tantas tragedias personales, familiares y sociales, es la cara m\u00e1s dura del covid. Y la cara siguiente en dureza es la de las personas internadas en CTI, que hoy ya son 236.<\/p>\n<p>236 seres humanos, que sin que su foto aparezca en los titulares, la est\u00e1n peleando, qui\u00e9n sabe desde hace cu\u00e1ntos d\u00edas. 236 abuelos, padres, madres, hijos \u2026 que cuando ingresaron en esas salas lo hicieron sabiendo que lo que iban a enfrentar era muy crudo y angustioso, entre otras cosas porque son p\u00fablicas las estad\u00edsticas que indican cu\u00e1l es el porcentaje que no logra sobreponerse y no vive para contarlo.<\/p>\n<p>Eso, que period\u00edsticamente resulta muy dif\u00edcil llevar a escala personal, con nombre y apellido, eso que en estas horas hemos podido asociar con el caso de Alberto Sonsol, eso es lo que implica cada d\u00eda que pasamos con la pandemia en este estado de descontrol en el que se encuentra.<\/p>\n<p>Sacar personas de esa lista, o, mejor dicho, evitar que m\u00e1s personas ingresen a esa lista, es el desaf\u00edo que tenemos entre todos, unidos si es posible: gobierno nacional, intendencias y sociedad, oficialismo y oposici\u00f3n, y cada uno de nosotros individualmente.<\/p>\n<p>Est\u00e1 en juego tambi\u00e9n el futuro de otra gran cantidad de uruguayos an\u00f3nimos, los miles de perjudicados por la emergencia sanitaria en lo econ\u00f3mico, lo social, lo sicol\u00f3gico, lo educativo.<\/p>\n<p>Si queremos que el avance de la vacunaci\u00f3n le gane la carrera al virus, si queremos\u00a0 romper la curva de crecimiento exponencial -o, mucho mejor, si queremos aplanarla definitivamente- los pr\u00f3ximos d\u00edas, estos que se vienen, son fundamentales.<\/p>\n<p>&nbsp;<\/p>\n<ul>\n<li><i><strong>Emiliano Cotelo Dom\u00ednguez es un periodista y conductor del programa radial matutino \u00abEn Perspectiva\u00bb por Radio Mundo.<\/strong><\/i><i><br \/>\n<\/i><\/li>\n<\/ul>\n<p>&nbsp; <\/p>\n","protected":false},"excerpt":{"rendered":"<p>&nbsp; Por\u00a0Emiliano Cotelo\u00a0 Ayer muri\u00f3 Alberto Sonsol, que estaba internado con covid desde el martes&#8230;<\/p>\n","protected":false},"author":2,"featured_media":22472,"comment_status":"closed","ping_status":"closed","sticky":false,"template":"","format":"standard","meta":{"footnotes":"","jetpack_publicize_message":"{title}\n\n{excerpt}\n\n{url}","jetpack_publicize_feature_enabled":true,"jetpack_social_post_already_shared":true,"jetpack_social_options":{"image_generator_settings":{"template":"fullscreen","default_image_id":0,"font":"","enabled":false},"version":2},"_wpas_customize_per_network":false},"categories":[11],"tags":[],"class_list":["post-22471","post","type-post","status-publish","format-standard","has-post-thumbnail","hentry","category-opinion"],"jetpack_publicize_connections":[],"_links":{"self":[{"href":"https:\/\/duraznohoy.com\/index.php?rest_route=\/wp\/v2\/posts\/22471","targetHints":{"allow":["GET"]}}],"collection":[{"href":"https:\/\/duraznohoy.com\/index.php?rest_route=\/wp\/v2\/posts"}],"about":[{"href":"https:\/\/duraznohoy.com\/index.php?rest_route=\/wp\/v2\/types\/post"}],"author":[{"embeddable":true,"href":"https:\/\/duraznohoy.com\/index.php?rest_route=\/wp\/v2\/users\/2"}],"replies":[{"embeddable":true,"href":"https:\/\/duraznohoy.com\/index.php?rest_route=%2Fwp%2Fv2%2Fcomments&post=22471"}],"version-history":[{"count":0,"href":"https:\/\/duraznohoy.com\/index.php?rest_route=\/wp\/v2\/posts\/22471\/revisions"}],"wp:featuredmedia":[{"embeddable":true,"href":"https:\/\/duraznohoy.com\/index.php?rest_route=\/wp\/v2\/media\/22472"}],"wp:attachment":[{"href":"https:\/\/duraznohoy.com\/index.php?rest_route=%2Fwp%2Fv2%2Fmedia&parent=22471"}],"wp:term":[{"taxonomy":"category","embeddable":true,"href":"https:\/\/duraznohoy.com\/index.php?rest_route=%2Fwp%2Fv2%2Fcategories&post=22471"},{"taxonomy":"post_tag","embeddable":true,"href":"https:\/\/duraznohoy.com\/index.php?rest_route=%2Fwp%2Fv2%2Ftags&post=22471"}],"curies":[{"name":"wp","href":"https:\/\/api.w.org\/{rel}","templated":true}]}}