{"id":22550,"date":"2021-04-01T23:55:36","date_gmt":"2021-04-02T02:55:36","guid":{"rendered":"http:\/\/duraznohoy.com\/?p=22550"},"modified":"2021-04-01T23:55:36","modified_gmt":"2021-04-02T02:55:36","slug":"el-carnaval-se-entristece","status":"publish","type":"post","link":"https:\/\/duraznohoy.com\/?p=22550","title":{"rendered":"El Carnaval se entristece."},"content":{"rendered":"<p>Los corsos de los carnavales duraznenses siempre tuvieron una concurrencia extraordinaria de p\u00fablico, de todas las edades, con familias que se acomodaban tempranamente a lo largo del\u00a0 recorrido y que esperaban con avidez la aparici\u00f3n del carro de la Reina y su s\u00e9quito encabezando el desfile.<\/p>\n<p>Este a\u00f1o no hubo actividad de carnaval y aunque disminuido notoriamente en los \u00faltimos tiempos, fue una ausencia dolorosa para sus principales actores, los que se pintan la cara, los que bailan al ritmo del tambor, los que disfrutan con disfraces de todo\u00a0 tipo.<\/p>\n<p>Pero al comenzar abril, nos deja para siempre Julio Valdez, que estimul\u00f3 a su hijo, el que con su familia y un grupo de compa\u00f1eros, recuperaron el carro donde el carnaval y las Llamadas mostraban sus reinas.<\/p>\n<p>Artesanos empecinados en lograr un veh\u00edculo de categor\u00eda para transportar la belleza, la sonrisa y la simpat\u00eda de quienes eran elegidas para el reinado de las fiestas de Momo.<\/p>\n<p>Sus manos y otras que se sumaron a la tarea, lograron magn\u00edficos carros aleg\u00f3ricos, para admiraci\u00f3n de Durazno y otros departamentos que lo convocaron y sobre todo, para jerarquizar la fiesta popular por excelencia.<\/p>\n<p>Seguramente su hijo, su familia, sus principales colaboradores, todos ellos aportar\u00e1n ingenio cuando afloje la pandemia y el carnaval se adue\u00f1e de las noches duraznenses, pondr\u00e1n a rodar otro carro.<\/p>\n<p>Y ser\u00e1 el recuerdo de Julio que ayudar\u00e1 en la construcci\u00f3n de las figuras, gigantes mu\u00f1ecos pintados con vivos colores que permitir\u00e1n disimular su ausencia, en esa sensaci\u00f3n de ilusi\u00f3n, de haber penetrado en una realidad m\u00e1gica donde parece que todos los sue\u00f1os se hacen realidad.<\/p>\n<p>Desde el m\u00e1s all\u00e1 aportando \u00a0su ingenio para construir un ef\u00edmero y fant\u00e1stico mundo.<\/p>\n<p>&nbsp;<\/p>\n<p>&nbsp;<\/p>\n<p>&nbsp;<\/p>\n<p>&nbsp;<\/p>\n<p>&nbsp; <\/p>\n","protected":false},"excerpt":{"rendered":"<p>Los corsos de los carnavales duraznenses siempre tuvieron una concurrencia extraordinaria de p\u00fablico, de todas&#8230;<\/p>\n","protected":false},"author":2,"featured_media":0,"comment_status":"closed","ping_status":"closed","sticky":false,"template":"","format":"standard","meta":{"footnotes":"","jetpack_publicize_message":"{title}\n\n{excerpt}\n\n{url}","jetpack_publicize_feature_enabled":true,"jetpack_social_post_already_shared":true,"jetpack_social_options":{"image_generator_settings":{"template":"fullscreen","default_image_id":0,"font":"","enabled":false},"version":2},"_wpas_customize_per_network":false},"categories":[33,17],"tags":[],"class_list":["post-22550","post","type-post","status-publish","format-standard","hentry","category-actualidad","category-deceso"],"jetpack_publicize_connections":[],"_links":{"self":[{"href":"https:\/\/duraznohoy.com\/index.php?rest_route=\/wp\/v2\/posts\/22550","targetHints":{"allow":["GET"]}}],"collection":[{"href":"https:\/\/duraznohoy.com\/index.php?rest_route=\/wp\/v2\/posts"}],"about":[{"href":"https:\/\/duraznohoy.com\/index.php?rest_route=\/wp\/v2\/types\/post"}],"author":[{"embeddable":true,"href":"https:\/\/duraznohoy.com\/index.php?rest_route=\/wp\/v2\/users\/2"}],"replies":[{"embeddable":true,"href":"https:\/\/duraznohoy.com\/index.php?rest_route=%2Fwp%2Fv2%2Fcomments&post=22550"}],"version-history":[{"count":0,"href":"https:\/\/duraznohoy.com\/index.php?rest_route=\/wp\/v2\/posts\/22550\/revisions"}],"wp:attachment":[{"href":"https:\/\/duraznohoy.com\/index.php?rest_route=%2Fwp%2Fv2%2Fmedia&parent=22550"}],"wp:term":[{"taxonomy":"category","embeddable":true,"href":"https:\/\/duraznohoy.com\/index.php?rest_route=%2Fwp%2Fv2%2Fcategories&post=22550"},{"taxonomy":"post_tag","embeddable":true,"href":"https:\/\/duraznohoy.com\/index.php?rest_route=%2Fwp%2Fv2%2Ftags&post=22550"}],"curies":[{"name":"wp","href":"https:\/\/api.w.org\/{rel}","templated":true}]}}