{"id":22607,"date":"2021-04-06T22:25:09","date_gmt":"2021-04-07T01:25:09","guid":{"rendered":"http:\/\/duraznohoy.com\/?p=22607"},"modified":"2021-04-06T22:25:09","modified_gmt":"2021-04-07T01:25:09","slug":"postergan-periodo-de-examenes","status":"publish","type":"post","link":"https:\/\/duraznohoy.com\/?p=22607","title":{"rendered":"Postergan per\u00edodo de ex\u00e1menes."},"content":{"rendered":"<p><strong>A trav\u00e9s de un Comunicado, el Liceo \u201cRubino\u201d informa sobre la postergaci\u00f3n del per\u00edodo de ex\u00e1menes que se hab\u00eda fijado para iniciar el d\u00eda 12.<\/strong><\/p>\n<p><strong>\u00a0<\/strong><em>\u201cEl Equipo de Direcci\u00f3n del Instituto Dr.Miguel C Rubino informa a los estudiantes que en virtud del actual contexto sanitario, el per\u00edodo de ex\u00e1menes extraordinario fijado entre el 12 y el 16 de abril, se posterga a la primera quincena de mayo, de acuerdo a lo comunicado por\u00a0 Direcci\u00f3n General de Educaci\u00f3n Secundaria.<\/em><\/p>\n<p><em>\u00a0 \u00a0 \u00a0 \u00a0 \u00a0 \u00a0 \u00a0 \u00a0 \u00a0 \u00a0 \u00a0 \u00a0 \u00a0 \u00a0 \u00a0 \u00a0 \u00a0 \u00a0 \u00a0 Equipo de Direcci\u00f3n\u201d<\/em> <\/p>\n","protected":false},"excerpt":{"rendered":"<p>A trav\u00e9s de un Comunicado, el Liceo \u201cRubino\u201d informa sobre la postergaci\u00f3n del per\u00edodo de&#8230;<\/p>\n","protected":false},"author":2,"featured_media":22608,"comment_status":"closed","ping_status":"closed","sticky":false,"template":"","format":"standard","meta":{"footnotes":"","jetpack_publicize_message":"{title}\n\n{excerpt}\n\n{url}","jetpack_publicize_feature_enabled":true,"jetpack_social_post_already_shared":true,"jetpack_social_options":{"image_generator_settings":{"template":"fullscreen","default_image_id":0,"font":"","enabled":false},"version":2},"_wpas_customize_per_network":false},"categories":[33,8],"tags":[],"class_list":["post-22607","post","type-post","status-publish","format-standard","has-post-thumbnail","hentry","category-actualidad","category-educacion"],"jetpack_publicize_connections":[],"_links":{"self":[{"href":"https:\/\/duraznohoy.com\/index.php?rest_route=\/wp\/v2\/posts\/22607","targetHints":{"allow":["GET"]}}],"collection":[{"href":"https:\/\/duraznohoy.com\/index.php?rest_route=\/wp\/v2\/posts"}],"about":[{"href":"https:\/\/duraznohoy.com\/index.php?rest_route=\/wp\/v2\/types\/post"}],"author":[{"embeddable":true,"href":"https:\/\/duraznohoy.com\/index.php?rest_route=\/wp\/v2\/users\/2"}],"replies":[{"embeddable":true,"href":"https:\/\/duraznohoy.com\/index.php?rest_route=%2Fwp%2Fv2%2Fcomments&post=22607"}],"version-history":[{"count":0,"href":"https:\/\/duraznohoy.com\/index.php?rest_route=\/wp\/v2\/posts\/22607\/revisions"}],"wp:featuredmedia":[{"embeddable":true,"href":"https:\/\/duraznohoy.com\/index.php?rest_route=\/wp\/v2\/media\/22608"}],"wp:attachment":[{"href":"https:\/\/duraznohoy.com\/index.php?rest_route=%2Fwp%2Fv2%2Fmedia&parent=22607"}],"wp:term":[{"taxonomy":"category","embeddable":true,"href":"https:\/\/duraznohoy.com\/index.php?rest_route=%2Fwp%2Fv2%2Fcategories&post=22607"},{"taxonomy":"post_tag","embeddable":true,"href":"https:\/\/duraznohoy.com\/index.php?rest_route=%2Fwp%2Fv2%2Ftags&post=22607"}],"curies":[{"name":"wp","href":"https:\/\/api.w.org\/{rel}","templated":true}]}}