{"id":22702,"date":"2021-04-11T12:44:44","date_gmt":"2021-04-11T15:44:44","guid":{"rendered":"http:\/\/duraznohoy.com\/?p=22702"},"modified":"2021-04-11T12:44:44","modified_gmt":"2021-04-11T15:44:44","slug":"reclamo-ante-proyectos-de-ley-sobre-crianza-y-tenencia-compartida","status":"publish","type":"post","link":"https:\/\/duraznohoy.com\/?p=22702","title":{"rendered":"Reclamo ante proyectos de Ley sobre crianza y tenencia compartida."},"content":{"rendered":"<p><b>El Comit\u00e9 de los Derechos del Ni\u00f1o, la Asociaci\u00f3n Nacional de Organizaciones no Gubernamentales, la Red Uruguaya contra la Violencia Dom\u00e9stica y Sexual, la Red Pro Cuidados, el Comit\u00e9 Latinoamericano para la Defensa de los Derechos de la Mujer y la Intersocial Feminista, a trav\u00e9s de un comunicado,\u00a0 manifiestan p\u00fablicamente profunda preocupaci\u00f3n ante el contenido regresivo en t\u00e9rminos de garant\u00eda de derechos, de dos proyectos de ley a estudio en el Parlamento Nacional, ante la Comisi\u00f3n de Constituci\u00f3n y Legislaci\u00f3n de la C\u00e1mara de Senadores, a saber: Tenencia compartida responsable y Corresponsabilidad en la crianza.<\/b><\/p>\n<p><em>\u00abAmbas propuestas legislan sobre la corresponsabilidad en los cuidados y tenencia compartida o alternada, temas ya resueltos por nuestro derecho en consonancia con los est\u00e1ndares internacionales, sin que existan o se hayan efectuado an\u00e1lisis, estudios o investigaciones que den cuenta de resoluciones sesgadas o de aplicaci\u00f3n inadecuada de la normativa garantista vigente, en acuerdo con los est\u00e1ndares internacionales y ante los cuales no se conocen investigaciones o estudios que evidencien un funcionamiento o aplicaci\u00f3n inadecuada que ameriten un cambio.<\/em><\/p>\n<p><em>Las propuestas modificar\u00edan negativamente las situaciones actuales, pretendiendo igualar las diversas realidades familiares al establecer de antemano una soluci\u00f3n reglada en todos los casos. As\u00ed presentadas, desconocen la circunstancias particulares de cada familia como tambi\u00e9n la opini\u00f3n y la voluntad de ni\u00f1as, ni\u00f1os y adolescentes de acuerdo a su grado de desarrollo, al igualar distintas situaciones prescindiendo de sus particularidades, sobre todo sin orientar las medidas para asegurar el mejor bienestar y desarrollo de la ni\u00f1ez y adolescencia afectadas por el conflicto.<\/em><\/p>\n<p><em>\u00a0Ambas propuestas violan convenios internacionales que nuestro pa\u00eds ha ratificado y est\u00e1 obligado a cumplir, especialmente en relaci\u00f3n a los principios orientadores de la Convenci\u00f3n de los Derechos del Ni\u00f1o, el inter\u00e9s superior y la autonom\u00eda progresiva, el derecho a ser o\u00eddo, todos ellos establecidos en nuestra normativa vigente.<\/em><\/p>\n<p><em>Alertamos que de prosperar esta iniciativa, el Estado Uruguayo, no garantizar\u00e1 la protecci\u00f3n integral de ni\u00f1as, ni\u00f1os y adolescente en su entorno familiar, especialmente ante posibles situaciones de violencias y abuso, al habilitar reg\u00edmenes de visitas provisorios a\u00fan cuando existan denuncias en tr\u00e1mites contra alguno de los padres, por violencia o alguna otra circunstancia, vulnerando as\u00ed el principio general de precauci\u00f3n que debe ser priorizado siempre en estos casos.<\/em><\/p>\n<p><em>En definitiva y por los argumentos expuestos, mantenemos la expectativa que, a nivel parlamentario, resulten consideradas nuestras apreciaciones, sumada a la de diversos colectivos acad\u00e9micos, sociales e institucionales y se desestimen categ\u00f3ricamente ambas propuestas.\u00bb<\/em><\/p>\n<p>&nbsp; <\/p>\n","protected":false},"excerpt":{"rendered":"<p>El Comit\u00e9 de los Derechos del Ni\u00f1o, la Asociaci\u00f3n Nacional de Organizaciones no Gubernamentales, la&#8230;<\/p>\n","protected":false},"author":2,"featured_media":22703,"comment_status":"closed","ping_status":"closed","sticky":false,"template":"","format":"standard","meta":{"footnotes":"","jetpack_publicize_message":"{title}\n\n{excerpt}\n\n{url}","jetpack_publicize_feature_enabled":true,"jetpack_social_post_already_shared":true,"jetpack_social_options":{"image_generator_settings":{"template":"fullscreen","default_image_id":0,"font":"","enabled":false},"version":2},"_wpas_customize_per_network":false},"categories":[33],"tags":[],"class_list":["post-22702","post","type-post","status-publish","format-standard","has-post-thumbnail","hentry","category-actualidad"],"jetpack_publicize_connections":[],"_links":{"self":[{"href":"https:\/\/duraznohoy.com\/index.php?rest_route=\/wp\/v2\/posts\/22702","targetHints":{"allow":["GET"]}}],"collection":[{"href":"https:\/\/duraznohoy.com\/index.php?rest_route=\/wp\/v2\/posts"}],"about":[{"href":"https:\/\/duraznohoy.com\/index.php?rest_route=\/wp\/v2\/types\/post"}],"author":[{"embeddable":true,"href":"https:\/\/duraznohoy.com\/index.php?rest_route=\/wp\/v2\/users\/2"}],"replies":[{"embeddable":true,"href":"https:\/\/duraznohoy.com\/index.php?rest_route=%2Fwp%2Fv2%2Fcomments&post=22702"}],"version-history":[{"count":0,"href":"https:\/\/duraznohoy.com\/index.php?rest_route=\/wp\/v2\/posts\/22702\/revisions"}],"wp:featuredmedia":[{"embeddable":true,"href":"https:\/\/duraznohoy.com\/index.php?rest_route=\/wp\/v2\/media\/22703"}],"wp:attachment":[{"href":"https:\/\/duraznohoy.com\/index.php?rest_route=%2Fwp%2Fv2%2Fmedia&parent=22702"}],"wp:term":[{"taxonomy":"category","embeddable":true,"href":"https:\/\/duraznohoy.com\/index.php?rest_route=%2Fwp%2Fv2%2Fcategories&post=22702"},{"taxonomy":"post_tag","embeddable":true,"href":"https:\/\/duraznohoy.com\/index.php?rest_route=%2Fwp%2Fv2%2Ftags&post=22702"}],"curies":[{"name":"wp","href":"https:\/\/api.w.org\/{rel}","templated":true}]}}