{"id":22705,"date":"2021-04-11T15:09:37","date_gmt":"2021-04-11T18:09:37","guid":{"rendered":"http:\/\/duraznohoy.com\/?p=22705"},"modified":"2021-04-11T15:09:37","modified_gmt":"2021-04-11T18:09:37","slug":"varios-pasos-cortados","status":"publish","type":"post","link":"https:\/\/duraznohoy.com\/?p=22705","title":{"rendered":"Varios pasos cortados."},"content":{"rendered":"<h3 style=\"text-align: right;\">Las intensas lluvias registradas en las \u00faltimas 48 horas, ha provocado el desborde de r\u00edos y arroyos en too el departamento y hay varios pasos cortados al tr\u00e1nsito.<\/h3>\n<p>Mientras el r\u00edo Yi ven\u00eda creciendo a 7 cent\u00edmetros en la hora y alcanzaba casi los 3 metros sobre su nivel normal, Jefatura inform\u00f3 que al momento se encuentran los siguientes Rutas y\/o caminos anegados:<\/p>\n<p><strong>Seccional 3\u00aa:<\/strong> Paraje Mar\u00eda Ceja no dan paso Arroyo Los Perros y Arroyo Las Conchas, camino las minas no da paso arroyo las minas y en Camino El Para\u00edso arroyo los molles da paso.<\/p>\n<p><strong>Seccional 5\u00aa:<\/strong> por Ruta N\u00ba 100 Arrollo \u201cEl Come gente\u201d, ba\u00f1ado \u201cEl Castel\u201d, \u201cLas Lechuzas\u201d y camino Hacia Aguas Buenas, Ca\u00f1ada \u201clas Arenas\u201d<\/p>\n<p><strong>Seccional 6\u00aa:<\/strong> arroyo Blanquillo NO est\u00e1 dando paso para ning\u00fan tipo de veh\u00edculos y puente Puente sobre arroyo Paimi NO da paso para ning\u00fan tipo de veh\u00edculos. Ruta N\u00ba42 cortada en esos dos puentes.-<\/p>\n<p><strong>Seccional 7\u00aa:<\/strong> Arroyo Sarandi del Rio Negro, en camino hacia paraje Cuchilla de Ram\u00edrez, no permite el paso a ning\u00fan tipo de veh\u00edculos, caminos de esta jurisdicci\u00f3n se encuentran en estado regular.-<\/p>\n<p><strong>Seccional 8\u00aa:<\/strong> El Sauce; San Juan; Santa Rita del Yi; Molles y Tranqueras del Yi.- .<\/p>\n<p><strong>Seccional 11\u00aa:<\/strong> cortado camino las Minas al momento por arroyo \u201cLas Minas de Callorda\u201d y arroyo \u201cLos Molles\u201d crecido, camino el Tala se encuentra cortado por arroyo \u201cEl Tala\u201d y arroyo \u201cSarand\u00ed de la China\u201d <\/p>\n","protected":false},"excerpt":{"rendered":"<p>Las intensas lluvias registradas en las \u00faltimas 48 horas, ha provocado el desborde de r\u00edos&#8230;<\/p>\n","protected":false},"author":2,"featured_media":22706,"comment_status":"closed","ping_status":"closed","sticky":false,"template":"","format":"standard","meta":{"footnotes":"","jetpack_publicize_message":"{title}\n\n{excerpt}\n\n{url}","jetpack_publicize_feature_enabled":true,"jetpack_social_post_already_shared":true,"jetpack_social_options":{"image_generator_settings":{"template":"fullscreen","default_image_id":0,"font":"","enabled":false},"version":2},"_wpas_customize_per_network":false},"categories":[33,110],"tags":[],"class_list":["post-22705","post","type-post","status-publish","format-standard","has-post-thumbnail","hentry","category-actualidad","category-lluvias"],"jetpack_publicize_connections":[],"_links":{"self":[{"href":"https:\/\/duraznohoy.com\/index.php?rest_route=\/wp\/v2\/posts\/22705","targetHints":{"allow":["GET"]}}],"collection":[{"href":"https:\/\/duraznohoy.com\/index.php?rest_route=\/wp\/v2\/posts"}],"about":[{"href":"https:\/\/duraznohoy.com\/index.php?rest_route=\/wp\/v2\/types\/post"}],"author":[{"embeddable":true,"href":"https:\/\/duraznohoy.com\/index.php?rest_route=\/wp\/v2\/users\/2"}],"replies":[{"embeddable":true,"href":"https:\/\/duraznohoy.com\/index.php?rest_route=%2Fwp%2Fv2%2Fcomments&post=22705"}],"version-history":[{"count":0,"href":"https:\/\/duraznohoy.com\/index.php?rest_route=\/wp\/v2\/posts\/22705\/revisions"}],"wp:featuredmedia":[{"embeddable":true,"href":"https:\/\/duraznohoy.com\/index.php?rest_route=\/wp\/v2\/media\/22706"}],"wp:attachment":[{"href":"https:\/\/duraznohoy.com\/index.php?rest_route=%2Fwp%2Fv2%2Fmedia&parent=22705"}],"wp:term":[{"taxonomy":"category","embeddable":true,"href":"https:\/\/duraznohoy.com\/index.php?rest_route=%2Fwp%2Fv2%2Fcategories&post=22705"},{"taxonomy":"post_tag","embeddable":true,"href":"https:\/\/duraznohoy.com\/index.php?rest_route=%2Fwp%2Fv2%2Ftags&post=22705"}],"curies":[{"name":"wp","href":"https:\/\/api.w.org\/{rel}","templated":true}]}}