{"id":22969,"date":"2021-04-27T14:10:28","date_gmt":"2021-04-27T17:10:28","guid":{"rendered":"http:\/\/duraznohoy.com\/?p=22969"},"modified":"2021-04-27T14:10:28","modified_gmt":"2021-04-27T17:10:28","slug":"la-antigripal","status":"publish","type":"post","link":"https:\/\/duraznohoy.com\/?p=22969","title":{"rendered":"La antigripal."},"content":{"rendered":"<h3><strong>Este lunes 26 de abril comenzaron a funcionar en la ciudad de Durazno los vacunatorios para la inoculaci\u00f3n antigripal. <\/strong><\/h3>\n<p><strong>Mercedes Guanco<\/strong>, encargada de la Comisi\u00f3n Honoraria de Lucha Antituberculosa y Enfermedades Prevalentes, se\u00f1al\u00f3 a <strong>Durazno Hoy<\/strong> que la \u00a0Vacunacion antigripal para personal de salud se realizar\u00e1 en el horario de 13 a 18hs en vacunatorio de Herrera 942,\u00a0 en Sanatorio de 8 a 11 hs y de 15 a 18, en el Hospital Durazno de lunes a viernes de 13.30 a 17.30 y en \u00a0COBUSU de lunes a viernes de 08.00 a 12.00 horas.<\/p>\n<p>Es importante se\u00f1alar que La vacuna se dar\u00e1 a los 14 d\u00edas de la vacunacion de Covid 19.<\/p>\n<p><strong>En el interior.<\/strong><\/p>\n<p>En Sarand\u00ed del Y\u00ed la primera semana se estar\u00e1 inyectando contra la gripe en el vacunatorio del CHLAEP que funciona en el Centro Auxiliar.<\/p>\n<p>El d\u00eda martes se concurre a La Paloma por vacunaci\u00f3n de cronograma y antigripal (s\u00f3lo para esos grupos de riesgo); jueves concurren a Carlos Reyles (cronograma y gripe).<\/p>\n<p>La vacunaci\u00f3n se llevar\u00e1 adelante de forma escalonada y acumulativa. Esto significa que todas las semanas se ir\u00e1n abriendo las etapas a partir de la cual los diferentes\u00a0 grupos de riesgo podr\u00e1n comenzar a vacunarse. Lo m\u00e1s importante a tener en cuenta es que, entre la vacuna contra Covid, cualquiera de sus dosis y la de la gripe, debe haber un lapso de 14 d\u00edas.<\/p>\n<p><strong>Log\u00edstica escalonada y acumulativa por etapas<\/strong><\/p>\n<p>Este a\u00f1o, la log\u00edstica escalonada y acumulativa propone una vacunaci\u00f3n paulatina por grupos de riesgo. El plan establece que partir del 26 de abril\u00a0 se comience a vacunar el personal de la salud en los lugares de trabajo, la segunda semana, 3 de mayo, abrir\u00e1 la etapa de vacunaci\u00f3n de los ni\u00f1os entre 6 meses y 4 a\u00f1os y 11 meses y las\u00a0 mujeres embarazadas, que se extender\u00e1 por dos semanas y luego quedar\u00e1 abierta. La cuarta semana, a partir del 24 de mayo, podr\u00e1n empezar a recibir su dosis de la vacuna antigripal los ni\u00f1os mayores de 5 a\u00f1os con comorbilidades y los trabajadores de servicios esenciales: bomberos, polic\u00edas, militares y personal de la educaci\u00f3n.<\/p>\n<p>A partir de la quinta semana, el 31 de mayo, podr\u00e1n vacunarse las personas mayores de 75 a\u00f1os y los adultos de cualquier edad con comorbilidades.\u00a0 La siguiente lo podr\u00e1n hacer los mayores de 65 y a partir de all\u00ed quedar\u00e1 abierta a toda la poblaci\u00f3n.<\/p>\n<p>Cada etapa que se inicia permanecer\u00e1 abierta hasta el final de la campa\u00f1a.<\/p>\n<p>Cada ni\u00f1o podr\u00e1 ir acompa\u00f1ado por un adulto, que podr\u00e1 vacunarse en esta instancia\u00a0 independientemente de su grupo etario y aunque no sea de riesgo, siempre y cuando cumpla con el principal requisito para poder recibir la dosis de la vacuna antigripal: que hayan\u00a0 transcurrido 14 d\u00edas de cualquiera de las dosis de Covid\u00a0 &#8211; 19.<\/p>\n<p>Es importante que los ni\u00f1os y adolescentes que concurran a vacunarse\u00a0\u00a0 lo hagan no solo con la\u00a0 c\u00e9dula de identidad sino tambi\u00e9n con el carnet de vacunaci\u00f3n, a fin de administrar las vacunas regulares no vigentes. <\/p>\n","protected":false},"excerpt":{"rendered":"<p>Este lunes 26 de abril comenzaron a funcionar en la ciudad de Durazno los vacunatorios&#8230;<\/p>\n","protected":false},"author":2,"featured_media":22970,"comment_status":"closed","ping_status":"closed","sticky":false,"template":"","format":"standard","meta":{"footnotes":"","jetpack_publicize_message":"{title}\n\n{excerpt}\n\n{url}","jetpack_publicize_feature_enabled":true,"jetpack_social_post_already_shared":true,"jetpack_social_options":{"image_generator_settings":{"template":"fullscreen","default_image_id":0,"font":"","enabled":false},"version":2},"_wpas_customize_per_network":false},"categories":[33,32],"tags":[],"class_list":["post-22969","post","type-post","status-publish","format-standard","has-post-thumbnail","hentry","category-actualidad","category-salud"],"jetpack_publicize_connections":[],"_links":{"self":[{"href":"https:\/\/duraznohoy.com\/index.php?rest_route=\/wp\/v2\/posts\/22969","targetHints":{"allow":["GET"]}}],"collection":[{"href":"https:\/\/duraznohoy.com\/index.php?rest_route=\/wp\/v2\/posts"}],"about":[{"href":"https:\/\/duraznohoy.com\/index.php?rest_route=\/wp\/v2\/types\/post"}],"author":[{"embeddable":true,"href":"https:\/\/duraznohoy.com\/index.php?rest_route=\/wp\/v2\/users\/2"}],"replies":[{"embeddable":true,"href":"https:\/\/duraznohoy.com\/index.php?rest_route=%2Fwp%2Fv2%2Fcomments&post=22969"}],"version-history":[{"count":0,"href":"https:\/\/duraznohoy.com\/index.php?rest_route=\/wp\/v2\/posts\/22969\/revisions"}],"wp:featuredmedia":[{"embeddable":true,"href":"https:\/\/duraznohoy.com\/index.php?rest_route=\/wp\/v2\/media\/22970"}],"wp:attachment":[{"href":"https:\/\/duraznohoy.com\/index.php?rest_route=%2Fwp%2Fv2%2Fmedia&parent=22969"}],"wp:term":[{"taxonomy":"category","embeddable":true,"href":"https:\/\/duraznohoy.com\/index.php?rest_route=%2Fwp%2Fv2%2Fcategories&post=22969"},{"taxonomy":"post_tag","embeddable":true,"href":"https:\/\/duraznohoy.com\/index.php?rest_route=%2Fwp%2Fv2%2Ftags&post=22969"}],"curies":[{"name":"wp","href":"https:\/\/api.w.org\/{rel}","templated":true}]}}