{"id":23148,"date":"2021-05-07T00:03:00","date_gmt":"2021-05-07T03:03:00","guid":{"rendered":"http:\/\/duraznohoy.com\/?p=23148"},"modified":"2021-05-07T00:04:35","modified_gmt":"2021-05-07T03:04:35","slug":"intendente-de-salto-en-el-zoo","status":"publish","type":"post","link":"https:\/\/duraznohoy.com\/?p=23148","title":{"rendered":"Intendente de Salto en el Zoo."},"content":{"rendered":"<figure id=\"attachment_23150\" aria-describedby=\"caption-attachment-23150\" style=\"width: 300px\" class=\"wp-caption alignright\"><img loading=\"lazy\" decoding=\"async\" class=\"size-medium wp-image-23150\" src=\"https:\/\/duraznohoy.com\/wp-content\/uploads\/2021\/05\/INTENDENTE-LIMA2-300x223.jpg\" alt=\"\" width=\"300\" height=\"223\" srcset=\"https:\/\/duraznohoy.com\/wp-content\/uploads\/2021\/05\/INTENDENTE-LIMA2-300x223.jpg 300w, https:\/\/duraznohoy.com\/wp-content\/uploads\/2021\/05\/INTENDENTE-LIMA2.jpg 636w\" sizes=\"auto, (max-width: 300px) 100vw, 300px\" \/><figcaption id=\"caption-attachment-23150\" class=\"wp-caption-text\"><strong>El Intendente salte\u00f1o con el edil Pedro Hern\u00e1ndez.<\/strong><\/figcaption><\/figure>\n<h3>El\u00a0 Intendente de Salto en regreso a su ciudad natal, acompa\u00f1ado por el de Durazno, visit\u00f3 las instalaciones del Bioparque.<\/h3>\n<p><strong>Vidal\u00edn<\/strong> recorri\u00f3 junto a <strong>Andr\u00e9s Lima<\/strong> las distintas instalaciones, tras lo cual el Intendente salte\u00f1o se\u00f1al\u00f3\u00a0 en las redes sociales <em><strong>\u201cHoy en Durazno visit\u00e9 a los animales que fueron desde Salto. Los tigres, el le\u00f3n, b\u00fafalo, yacar\u00e9, dromedario y por supuesto la osa Eva. Todos est\u00e1n muy bien y se han adaptado perfectamente\u201d.<\/strong><\/em><\/p>\n<p>Lima tambi\u00e9n se reuni\u00f3 con el edil del FA en Durazno <strong>Pedro Hern\u00e1ndez<\/strong>. <em><strong>\u201cHablamos de los jornales solidarios y temas de actualidad del Departamento de Durazno. Seguimos sumando y construyendo en todo el pa\u00eds\u201d<\/strong> <\/em>se\u00f1al\u00f3.<\/p>\n<p>&nbsp; <\/p>\n","protected":false},"excerpt":{"rendered":"<p>El\u00a0 Intendente de Salto en regreso a su ciudad natal, acompa\u00f1ado por el de Durazno,&#8230;<\/p>\n","protected":false},"author":2,"featured_media":23149,"comment_status":"closed","ping_status":"closed","sticky":false,"template":"","format":"standard","meta":{"footnotes":"","jetpack_publicize_message":"{title}\n\n{excerpt}\n\n{url}","jetpack_publicize_feature_enabled":true,"jetpack_social_post_already_shared":true,"jetpack_social_options":{"image_generator_settings":{"template":"fullscreen","default_image_id":0,"font":"","enabled":false},"version":2},"_wpas_customize_per_network":false},"categories":[33],"tags":[],"class_list":["post-23148","post","type-post","status-publish","format-standard","has-post-thumbnail","hentry","category-actualidad"],"jetpack_publicize_connections":[],"_links":{"self":[{"href":"https:\/\/duraznohoy.com\/index.php?rest_route=\/wp\/v2\/posts\/23148","targetHints":{"allow":["GET"]}}],"collection":[{"href":"https:\/\/duraznohoy.com\/index.php?rest_route=\/wp\/v2\/posts"}],"about":[{"href":"https:\/\/duraznohoy.com\/index.php?rest_route=\/wp\/v2\/types\/post"}],"author":[{"embeddable":true,"href":"https:\/\/duraznohoy.com\/index.php?rest_route=\/wp\/v2\/users\/2"}],"replies":[{"embeddable":true,"href":"https:\/\/duraznohoy.com\/index.php?rest_route=%2Fwp%2Fv2%2Fcomments&post=23148"}],"version-history":[{"count":0,"href":"https:\/\/duraznohoy.com\/index.php?rest_route=\/wp\/v2\/posts\/23148\/revisions"}],"wp:featuredmedia":[{"embeddable":true,"href":"https:\/\/duraznohoy.com\/index.php?rest_route=\/wp\/v2\/media\/23149"}],"wp:attachment":[{"href":"https:\/\/duraznohoy.com\/index.php?rest_route=%2Fwp%2Fv2%2Fmedia&parent=23148"}],"wp:term":[{"taxonomy":"category","embeddable":true,"href":"https:\/\/duraznohoy.com\/index.php?rest_route=%2Fwp%2Fv2%2Fcategories&post=23148"},{"taxonomy":"post_tag","embeddable":true,"href":"https:\/\/duraznohoy.com\/index.php?rest_route=%2Fwp%2Fv2%2Ftags&post=23148"}],"curies":[{"name":"wp","href":"https:\/\/api.w.org\/{rel}","templated":true}]}}