{"id":23226,"date":"2021-05-12T21:10:37","date_gmt":"2021-05-13T00:10:37","guid":{"rendered":"http:\/\/duraznohoy.com\/?p=23226"},"modified":"2021-05-12T21:10:37","modified_gmt":"2021-05-13T00:10:37","slug":"eclipse-el-26","status":"publish","type":"post","link":"https:\/\/duraznohoy.com\/?p=23226","title":{"rendered":"Eclipse el 26."},"content":{"rendered":"<h3>Por Carlos Fariello.<\/h3>\n<h3>Un eclipse lunar total (Penumbral parcial desde Uruguay), se registrar\u00e1 el pr\u00f3ximo 26 de mayo.<\/h3>\n<p>Se ver\u00e1 desde Uruguay como un eclipse penumbral parcial entre las 6:45 y las 7:40 aproximadamente seg\u00fan las condiciones atmosf\u00e9ricas.<\/p>\n<p>Es decir, el sat\u00e9lite atravesar\u00e1 la penumbra: el cono exterior y m\u00e1s d\u00e9bil de la sombra de nuestro planeta. Por ese motivo, la superficie lunar se oscurecer\u00e1 solo levemente, y el efecto ser\u00e1 m\u00e1s dif\u00edcil \u201cde apreciar a simple vista\u201d.<\/p>\n<p>El eclipse comenzar\u00e1 a las 05:48, hora en la que la luna entrar\u00e1 en la penumbra terrestre. En ese momento la luna estar\u00e1 a una altura de +20\u00b0 respecto al horizonte.<\/p>\n<p>El eclipse parcial comenzar\u00e1 a las 06:45, hora en la que la luna har\u00e1 contacto con la umbra. En ese momento la luna se encontrar\u00e1 a una altura de +09\u00b0.<\/p>\n<p>A partir de esta etapa, lo que se agrega a continuaci\u00f3n indica que ya NO ser\u00e1 visible el eclipse por encontrarse la Luna debajo del horizonte (as\u00ed lo indican los valores negativos de altura de la Luna)<\/p>\n<p>El eclipse total comenzar\u00e1 a las 08:11. La luna se encontrar\u00e1 a una altura de -06\u00b0.<\/p>\n<p>La m\u00e1xima ocultaci\u00f3n se producir\u00e1 a las 08:19. La altura de la luna en ese momento ser\u00e1 de -07\u00b0.<\/p>\n<p>El eclipse total finalizar\u00e1 a las 08:26. La luna se encontrar\u00e1 a una altura de -09\u00b0.<\/p>\n<p>El eclipse parcial finalizar\u00e1 a las 09:52. Momento en el que la luna se encontrar\u00e1 a una altura de -22\u00b0.<\/p>\n<p>El eclipse finalizar\u00e1 a las 10:50 cuando la luna salga de la penumbra de la tierra. Se encontrar\u00e1 a una altura de -28\u00b0. <\/p>\n","protected":false},"excerpt":{"rendered":"<p>Por Carlos Fariello. Un eclipse lunar total (Penumbral parcial desde Uruguay), se registrar\u00e1 el pr\u00f3ximo&#8230;<\/p>\n","protected":false},"author":2,"featured_media":23227,"comment_status":"closed","ping_status":"closed","sticky":false,"template":"","format":"standard","meta":{"footnotes":"","jetpack_publicize_message":"{title}\n\n{excerpt}\n\n{url}","jetpack_publicize_feature_enabled":true,"jetpack_social_post_already_shared":true,"jetpack_social_options":{"image_generator_settings":{"template":"fullscreen","default_image_id":0,"font":"","enabled":false},"version":2},"_wpas_customize_per_network":false},"categories":[33],"tags":[],"class_list":["post-23226","post","type-post","status-publish","format-standard","has-post-thumbnail","hentry","category-actualidad"],"jetpack_publicize_connections":[],"_links":{"self":[{"href":"https:\/\/duraznohoy.com\/index.php?rest_route=\/wp\/v2\/posts\/23226","targetHints":{"allow":["GET"]}}],"collection":[{"href":"https:\/\/duraznohoy.com\/index.php?rest_route=\/wp\/v2\/posts"}],"about":[{"href":"https:\/\/duraznohoy.com\/index.php?rest_route=\/wp\/v2\/types\/post"}],"author":[{"embeddable":true,"href":"https:\/\/duraznohoy.com\/index.php?rest_route=\/wp\/v2\/users\/2"}],"replies":[{"embeddable":true,"href":"https:\/\/duraznohoy.com\/index.php?rest_route=%2Fwp%2Fv2%2Fcomments&post=23226"}],"version-history":[{"count":0,"href":"https:\/\/duraznohoy.com\/index.php?rest_route=\/wp\/v2\/posts\/23226\/revisions"}],"wp:featuredmedia":[{"embeddable":true,"href":"https:\/\/duraznohoy.com\/index.php?rest_route=\/wp\/v2\/media\/23227"}],"wp:attachment":[{"href":"https:\/\/duraznohoy.com\/index.php?rest_route=%2Fwp%2Fv2%2Fmedia&parent=23226"}],"wp:term":[{"taxonomy":"category","embeddable":true,"href":"https:\/\/duraznohoy.com\/index.php?rest_route=%2Fwp%2Fv2%2Fcategories&post=23226"},{"taxonomy":"post_tag","embeddable":true,"href":"https:\/\/duraznohoy.com\/index.php?rest_route=%2Fwp%2Fv2%2Ftags&post=23226"}],"curies":[{"name":"wp","href":"https:\/\/api.w.org\/{rel}","templated":true}]}}