{"id":23229,"date":"2021-05-12T21:58:14","date_gmt":"2021-05-13T00:58:14","guid":{"rendered":"http:\/\/duraznohoy.com\/?p=23229"},"modified":"2021-05-12T21:58:14","modified_gmt":"2021-05-13T00:58:14","slug":"se-investiga-ataque-a-fachada-de-sede-socialista","status":"publish","type":"post","link":"https:\/\/duraznohoy.com\/?p=23229","title":{"rendered":"Se investiga ataque a fachada de Sede Socialista."},"content":{"rendered":"<h3><img loading=\"lazy\" decoding=\"async\" class=\" wp-image-23230 alignleft\" src=\"https:\/\/duraznohoy.com\/wp-content\/uploads\/2021\/05\/atenta.1jpg-300x399.jpg\" alt=\"\" width=\"268\" height=\"356\" srcset=\"https:\/\/duraznohoy.com\/wp-content\/uploads\/2021\/05\/atenta.1jpg-300x399.jpg 300w, https:\/\/duraznohoy.com\/wp-content\/uploads\/2021\/05\/atenta.1jpg.jpg 541w\" sizes=\"auto, (max-width: 268px) 100vw, 268px\" \/>No se han registrado novedades en el ataque con piedras al local central del Partido Socialista, sobre el que inform\u00e1ramos en la ma\u00f1ana de este mi\u00e9rcoles.<\/h3>\n<p>En una consulta efectuada por Durazno Hoy al Jefe de Polic\u00eda de Durazno, <strong>Crio. Gral. (R) Lic. Magister Richard Marcenal<\/strong>, nos dijo que \u00a0<strong><em>\u201cse recabaron declaraciones de testigos y se analizan grabaciones de c\u00e1maras de vigilancia. Se enter\u00f3 a Fiscal\u00eda por el da\u00f1o del vidrio\u201d.<\/em><\/strong><\/p>\n<p>Recordemos que en la madrugada de este martes 11 de mayo nuestra la Sede ubicada en calle \u201cDr. Luis Alberto de Herrera\u201d casi Rivera, \u00a0fue vandalizada por desconocidos que \u00a0apedrearon la fachada rompiendo vidrios de la puerta principal. <\/p>\n","protected":false},"excerpt":{"rendered":"<p>No se han registrado novedades en el ataque con piedras al local central del Partido&#8230;<\/p>\n","protected":false},"author":2,"featured_media":23231,"comment_status":"closed","ping_status":"closed","sticky":false,"template":"","format":"standard","meta":{"footnotes":"","jetpack_publicize_message":"{title}\n\n{excerpt}\n\n{url}","jetpack_publicize_feature_enabled":true,"jetpack_social_post_already_shared":true,"jetpack_social_options":{"image_generator_settings":{"template":"fullscreen","default_image_id":0,"font":"","enabled":false},"version":2},"_wpas_customize_per_network":false},"categories":[33],"tags":[],"class_list":["post-23229","post","type-post","status-publish","format-standard","has-post-thumbnail","hentry","category-actualidad"],"jetpack_publicize_connections":[],"_links":{"self":[{"href":"https:\/\/duraznohoy.com\/index.php?rest_route=\/wp\/v2\/posts\/23229","targetHints":{"allow":["GET"]}}],"collection":[{"href":"https:\/\/duraznohoy.com\/index.php?rest_route=\/wp\/v2\/posts"}],"about":[{"href":"https:\/\/duraznohoy.com\/index.php?rest_route=\/wp\/v2\/types\/post"}],"author":[{"embeddable":true,"href":"https:\/\/duraznohoy.com\/index.php?rest_route=\/wp\/v2\/users\/2"}],"replies":[{"embeddable":true,"href":"https:\/\/duraznohoy.com\/index.php?rest_route=%2Fwp%2Fv2%2Fcomments&post=23229"}],"version-history":[{"count":0,"href":"https:\/\/duraznohoy.com\/index.php?rest_route=\/wp\/v2\/posts\/23229\/revisions"}],"wp:featuredmedia":[{"embeddable":true,"href":"https:\/\/duraznohoy.com\/index.php?rest_route=\/wp\/v2\/media\/23231"}],"wp:attachment":[{"href":"https:\/\/duraznohoy.com\/index.php?rest_route=%2Fwp%2Fv2%2Fmedia&parent=23229"}],"wp:term":[{"taxonomy":"category","embeddable":true,"href":"https:\/\/duraznohoy.com\/index.php?rest_route=%2Fwp%2Fv2%2Fcategories&post=23229"},{"taxonomy":"post_tag","embeddable":true,"href":"https:\/\/duraznohoy.com\/index.php?rest_route=%2Fwp%2Fv2%2Ftags&post=23229"}],"curies":[{"name":"wp","href":"https:\/\/api.w.org\/{rel}","templated":true}]}}