{"id":23233,"date":"2021-05-12T22:36:54","date_gmt":"2021-05-13T01:36:54","guid":{"rendered":"http:\/\/duraznohoy.com\/?p=23233"},"modified":"2021-05-12T22:36:54","modified_gmt":"2021-05-13T01:36:54","slug":"una-semana-mas-de-restricciones","status":"publish","type":"post","link":"https:\/\/duraznohoy.com\/?p=23233","title":{"rendered":"Una semana m\u00e1s de restricciones."},"content":{"rendered":"<h3>El gobierno anunci\u00f3 este mi\u00e9rcoles que las medidas de restricci\u00f3n anunciadas el pasado 23 de marzo, que luego se extendieron varias veces y est\u00e1n vigentes hasta el 16 de mayo, ser\u00e1n extendidas ahora hasta el 23 de este mes.<\/h3>\n<p>A excepci\u00f3n del caso de la educaci\u00f3n, que viene retornando de forma progresiva, las medidas ante la emergencia sanitaria adoptadas por el gobierno incluyen el cierre de oficinas p\u00fablicas (salvo servicios esenciales), la suspensi\u00f3n de espect\u00e1culos p\u00fablicos, el cierre de gimnasios, la pr\u00e1cticas de deporte amateur, casinos y los free shops de la frontera.<\/p>\n<p>En los bares y restaurantes, se mantiene el aforo vigente y el cierre a la medianoche. Las fiestas y eventos sociales siguen suspendidos.<\/p>\n<p>Fuente: Montevideo Portal. <\/p>\n","protected":false},"excerpt":{"rendered":"<p>El gobierno anunci\u00f3 este mi\u00e9rcoles que las medidas de restricci\u00f3n anunciadas el pasado 23 de&#8230;<\/p>\n","protected":false},"author":2,"featured_media":23234,"comment_status":"closed","ping_status":"closed","sticky":false,"template":"","format":"standard","meta":{"footnotes":"","jetpack_publicize_message":"{title}\n\n{excerpt}\n\n{url}","jetpack_publicize_feature_enabled":true,"jetpack_social_post_already_shared":true,"jetpack_social_options":{"image_generator_settings":{"template":"fullscreen","default_image_id":0,"font":"","enabled":false},"version":2},"_wpas_customize_per_network":false},"categories":[109],"tags":[],"class_list":["post-23233","post","type-post","status-publish","format-standard","has-post-thumbnail","hentry","category-coronavirus-2"],"jetpack_publicize_connections":[],"_links":{"self":[{"href":"https:\/\/duraznohoy.com\/index.php?rest_route=\/wp\/v2\/posts\/23233","targetHints":{"allow":["GET"]}}],"collection":[{"href":"https:\/\/duraznohoy.com\/index.php?rest_route=\/wp\/v2\/posts"}],"about":[{"href":"https:\/\/duraznohoy.com\/index.php?rest_route=\/wp\/v2\/types\/post"}],"author":[{"embeddable":true,"href":"https:\/\/duraznohoy.com\/index.php?rest_route=\/wp\/v2\/users\/2"}],"replies":[{"embeddable":true,"href":"https:\/\/duraznohoy.com\/index.php?rest_route=%2Fwp%2Fv2%2Fcomments&post=23233"}],"version-history":[{"count":0,"href":"https:\/\/duraznohoy.com\/index.php?rest_route=\/wp\/v2\/posts\/23233\/revisions"}],"wp:featuredmedia":[{"embeddable":true,"href":"https:\/\/duraznohoy.com\/index.php?rest_route=\/wp\/v2\/media\/23234"}],"wp:attachment":[{"href":"https:\/\/duraznohoy.com\/index.php?rest_route=%2Fwp%2Fv2%2Fmedia&parent=23233"}],"wp:term":[{"taxonomy":"category","embeddable":true,"href":"https:\/\/duraznohoy.com\/index.php?rest_route=%2Fwp%2Fv2%2Fcategories&post=23233"},{"taxonomy":"post_tag","embeddable":true,"href":"https:\/\/duraznohoy.com\/index.php?rest_route=%2Fwp%2Fv2%2Ftags&post=23233"}],"curies":[{"name":"wp","href":"https:\/\/api.w.org\/{rel}","templated":true}]}}