{"id":23236,"date":"2021-05-13T12:17:35","date_gmt":"2021-05-13T15:17:35","guid":{"rendered":"http:\/\/duraznohoy.com\/?p=23236"},"modified":"2021-05-13T12:17:35","modified_gmt":"2021-05-13T15:17:35","slug":"presentaron-proyecto-pro-pymes-departamental","status":"publish","type":"post","link":"https:\/\/duraznohoy.com\/?p=23236","title":{"rendered":"Presentaron Proyecto Pro-Pymes Departamental."},"content":{"rendered":"<h3 style=\"text-align: right;\">El Edil de Cabildo Abierto, Guillermo Gurbindo, present\u00f3 en la Junta Departamental\u00a0un interesante Proyecto que apunta a la ayuda a la micro y peque\u00f1a empresa.<\/h3>\n<p><strong>\u00a0<\/strong><strong><em>\u201cD\u00edas pasados hemos conversado de la situaci\u00f3n econ\u00f3mica en nuestro departamento con diversos actores como los representantes del Centro Comercial y con propietarios de PYMES, feriantes, monotributistas, etc., los que conjuntamente conforman m\u00e1s del 90 % de nuestra fuerza comercial departamental\u201d<\/em><\/strong> se\u00f1al\u00f3 Gurbindo en su exposici\u00f3n de motivos.<\/p>\n<p><strong><em>\u201cDe diez empresas que\u00a0 cierran por una crisis<\/em><\/strong> \u2013 agreg\u00f3 &#8211; <strong><em>solo una de ellas vuelve a su actividad comercial luego que esta ha sido superada; lo que tendr\u00eda un impacto incalculado para la actividad laboral, que ya era cr\u00edtica previo a la pandemia.\u201d<\/em><\/strong><\/p>\n<p>El proyecto comprende inicialmente los siguientes rubros que son de los m\u00e1s afectados:<\/p>\n<ul>\n<li><strong>transporte tur\u00edstico y escolar,<\/strong><\/li>\n<li><strong>sector gastron\u00f3mico<\/strong><\/li>\n<li><strong>clubes deportivos<\/strong><\/li>\n<li><strong>gimnasios<\/strong><\/li>\n<li><strong>feriantes<\/strong><\/li>\n<li><strong>salones de fiestas y eventos<\/strong><\/li>\n<li><strong>agencias de viaje <\/strong><\/li>\n<\/ul>\n<p>Dichos beneficios contar\u00edan para aquellos buenos pagadores que se encontraban\u00a0 al d\u00eda con sus obligaciones, con la ID a marzo de 2020, e inicialmente contar\u00eda con las siguientes propuestas\u00a0 para su evaluaci\u00f3n:<\/p>\n<ul>\n<li>Exoneraci\u00f3n de la <strong><em>tasas de higiene ambiental<\/em><\/strong> por el t\u00e9rmino de un a\u00f1o a partir de su aprobaci\u00f3n para las microempresas.<\/li>\n<li>Exoneraci\u00f3n de la <strong><em>tasa de bromatolog\u00eda<\/em><\/strong> por el t\u00e9rmino de un a\u00f1o a partir de su aprobaci\u00f3n para las microempresas.<\/li>\n<li>Exoneraci\u00f3n de la <strong><em>patente de veh\u00edculos<\/em><\/strong> destinados a la actividad laboral de las micro y peque\u00f1as empresas por el t\u00e9rmino de seis meses.<\/li>\n<li>Exoneraci\u00f3n de la <strong><em>contribuci\u00f3n inmobiliaria<\/em><\/strong> para las micro y peque\u00f1as empresas por el t\u00e9rmino de seis meses.<\/li>\n<li>Exoneraci\u00f3n del <strong><em>permiso anual<\/em><\/strong> por el t\u00e9rmino de un a\u00f1o para las ferias vecinales.<\/li>\n<li>Exoneraci\u00f3n anual de la, <strong><em>CUD,<\/em><\/strong> (<strong><em>certificado \u00fanico dptal.), tasa inspecci\u00f3n y habilitaci\u00f3n.<\/em><\/strong><\/li>\n<\/ul>\n<p><strong>Nota<\/strong>: Para quienes ya hubiesen abonado les quedar\u00eda cr\u00e9dito a su favor.<\/p>\n<p>\u201c<strong><em>El Sr intendente en numerosas oportunidades, as\u00ed como el Director de Hacienda Cr. Erviti lo hizo recientemente ante un medio de prensa local, manifest\u00f3 que el super\u00e1vit es de 12 millones de d\u00f3lares producto de obras no ejecutadas en a\u00f1os anteriores por lo que entendemos que parte de ese dinero puede ser destinado como respaldo a lo que se dejar\u00e1 de recaudar producto de la propuesta \u201c<\/em><\/strong>argumenta el Edil.<\/p>\n<p><strong><em>\u00a0<\/em><\/strong><\/p>\n<p>La iniciativa pas\u00f3 a la \u00a0comisi\u00f3n de Defensa de DDHH y Asuntos Laborales y a la comisi\u00f3n de Industria, Comercio e integraci\u00f3n Regional, para su consideraci\u00f3n y enriquecimiento; y al Ejecutivo Departamental para su estudio de factibilidad.<\/p>\n<p><strong><em>\u00a0<\/em><\/strong><\/p>\n<p><strong><em>\u00a0<\/em><\/strong><\/p>\n<p><strong><em>\u00a0<\/em><\/strong><\/p>\n<p><strong><em>\u00a0<\/em><\/strong> <\/p>\n","protected":false},"excerpt":{"rendered":"<p>El Edil de Cabildo Abierto, Guillermo Gurbindo, present\u00f3 en la Junta Departamental\u00a0un interesante Proyecto que&#8230;<\/p>\n","protected":false},"author":2,"featured_media":23239,"comment_status":"closed","ping_status":"closed","sticky":false,"template":"","format":"standard","meta":{"footnotes":"","jetpack_publicize_message":"{title}\n\n{excerpt}\n\n{url}","jetpack_publicize_feature_enabled":true,"jetpack_social_post_already_shared":true,"jetpack_social_options":{"image_generator_settings":{"template":"fullscreen","default_image_id":0,"font":"","enabled":false},"version":2},"_wpas_customize_per_network":false},"categories":[33],"tags":[],"class_list":["post-23236","post","type-post","status-publish","format-standard","has-post-thumbnail","hentry","category-actualidad"],"jetpack_publicize_connections":[],"_links":{"self":[{"href":"https:\/\/duraznohoy.com\/index.php?rest_route=\/wp\/v2\/posts\/23236","targetHints":{"allow":["GET"]}}],"collection":[{"href":"https:\/\/duraznohoy.com\/index.php?rest_route=\/wp\/v2\/posts"}],"about":[{"href":"https:\/\/duraznohoy.com\/index.php?rest_route=\/wp\/v2\/types\/post"}],"author":[{"embeddable":true,"href":"https:\/\/duraznohoy.com\/index.php?rest_route=\/wp\/v2\/users\/2"}],"replies":[{"embeddable":true,"href":"https:\/\/duraznohoy.com\/index.php?rest_route=%2Fwp%2Fv2%2Fcomments&post=23236"}],"version-history":[{"count":0,"href":"https:\/\/duraznohoy.com\/index.php?rest_route=\/wp\/v2\/posts\/23236\/revisions"}],"wp:featuredmedia":[{"embeddable":true,"href":"https:\/\/duraznohoy.com\/index.php?rest_route=\/wp\/v2\/media\/23239"}],"wp:attachment":[{"href":"https:\/\/duraznohoy.com\/index.php?rest_route=%2Fwp%2Fv2%2Fmedia&parent=23236"}],"wp:term":[{"taxonomy":"category","embeddable":true,"href":"https:\/\/duraznohoy.com\/index.php?rest_route=%2Fwp%2Fv2%2Fcategories&post=23236"},{"taxonomy":"post_tag","embeddable":true,"href":"https:\/\/duraznohoy.com\/index.php?rest_route=%2Fwp%2Fv2%2Ftags&post=23236"}],"curies":[{"name":"wp","href":"https:\/\/api.w.org\/{rel}","templated":true}]}}