{"id":23241,"date":"2021-05-13T13:58:21","date_gmt":"2021-05-13T16:58:21","guid":{"rendered":"http:\/\/duraznohoy.com\/?p=23241"},"modified":"2021-05-13T13:58:21","modified_gmt":"2021-05-13T16:58:21","slug":"rapina-y-hurto-aclarados","status":"publish","type":"post","link":"https:\/\/duraznohoy.com\/?p=23241","title":{"rendered":"Rapi\u00f1a y hurto aclarados."},"content":{"rendered":"<h3><strong>La Polic\u00eda inform\u00f3 este jueves de la aclaraci\u00f3n de una rapi\u00f1a en una finca\u00a0 de la Seccional 13\u00aa y un hurto en una finca de la 1\u00aa Secci\u00f3n Policial.<\/strong><\/h3>\n<p><strong>Rapi\u00f1a aclarada <\/strong><\/p>\n<p>Pr\u00f3ximo a la hora 19:55 del pasado d\u00eda s\u00e1bado se tom\u00f3 conocimiento en la Unidad de Investigaciones que en el interior de una finca sita en jurisdicci\u00f3n de Comisar\u00eda 13era., se hab\u00eda producido una rapi\u00f1a donde el agresor mediante violencia f\u00edsica despojando a la v\u00edctima de dinero y un celular. Atento a lo expuesto personal de la Unidad antes referida realizaron el procedimiento investigativo, logrando establecer que el autor del il\u00edcito ser\u00eda un hombre mayor de edad poseedor de antecedentes judiciales, siendo detenido y puesto a disposici\u00f3n de la fiscal\u00eda competente. Tambi\u00e9n se logr\u00f3 implicar al detenido en un otro delito de hurto ocurrido d\u00edas atr\u00e1s. Conducido ante la justicia competente al t\u00e9rmino de la audiencia se dispuso la formalizaci\u00f3n de la investigaci\u00f3n como como <em><strong>\u00abAutor penalmente responsable de un delito de rapi\u00f1a especialmente agravado en reiteraci\u00f3n real con un delito de hurto especialmente agravado ambos en calidad de autor\u00bb conden\u00e1ndolo a la pena de 5 a\u00f1os y 4 meses de penitenciar<\/strong><\/em>ia.<\/p>\n<p><strong>Hurto <\/strong><\/p>\n<p>Pr\u00f3ximo a la hora 03:50 del d\u00eda martes pasado, se tom\u00f3 conocimiento en la Unidad de Investigaciones que en una finca sita en jurisdicci\u00f3n de Comisaria 1era, se hab\u00eda producido un hurto de un televisor de 65 pulgadas, un celular, una garrafa de 13kg, una freidora, una multiprocesadora, un par de lentes, alhajas y dinero. Atento a lo expuesto de forma inmediata concurri\u00f3 al lugar personal de la Unidad antes referida, donde realizaron el procedimiento correspondiente, logrado establecer que no ser\u00eda ajenos al hecho dos hombrees mayores de edad, uno de ellos poseedor de antecedentes judiciales, siendo detenidos y puesto a disposici\u00f3n de la fiscal\u00eda competente, recuper\u00e1ndose parte de los objetos hurtados. Conducidos ante la justicia competente al t\u00e9rmino de la audiencia se dispuso para uno de los detenidos la ampliaci\u00f3n de la formalizaci\u00f3n de fecha 27\/01\/2021, por la presunta comisi\u00f3n de un delito de hurto especialmente agravado en calidad de autor, <em><strong>conden\u00e1ndolo como autor penalmente responsable de un delito de hurto especialmente agravado en reiteraci\u00f3n real con un delito de agravio a la autoridad a la pena de 15 meses de prisi\u00f3n efectiva, disponi\u00e9ndose para el restante la libertad sin perjuicio<\/strong><\/em> <\/p>\n","protected":false},"excerpt":{"rendered":"<p>La Polic\u00eda inform\u00f3 este jueves de la aclaraci\u00f3n de una rapi\u00f1a en una finca\u00a0 de&#8230;<\/p>\n","protected":false},"author":2,"featured_media":23242,"comment_status":"closed","ping_status":"closed","sticky":false,"template":"","format":"standard","meta":{"footnotes":"","jetpack_publicize_message":"{title}\n\n{excerpt}\n\n{url}","jetpack_publicize_feature_enabled":true,"jetpack_social_post_already_shared":true,"jetpack_social_options":{"image_generator_settings":{"template":"fullscreen","default_image_id":0,"font":"","enabled":false},"version":2},"_wpas_customize_per_network":false},"categories":[33,21],"tags":[],"class_list":["post-23241","post","type-post","status-publish","format-standard","has-post-thumbnail","hentry","category-actualidad","category-policiales"],"jetpack_publicize_connections":[],"_links":{"self":[{"href":"https:\/\/duraznohoy.com\/index.php?rest_route=\/wp\/v2\/posts\/23241","targetHints":{"allow":["GET"]}}],"collection":[{"href":"https:\/\/duraznohoy.com\/index.php?rest_route=\/wp\/v2\/posts"}],"about":[{"href":"https:\/\/duraznohoy.com\/index.php?rest_route=\/wp\/v2\/types\/post"}],"author":[{"embeddable":true,"href":"https:\/\/duraznohoy.com\/index.php?rest_route=\/wp\/v2\/users\/2"}],"replies":[{"embeddable":true,"href":"https:\/\/duraznohoy.com\/index.php?rest_route=%2Fwp%2Fv2%2Fcomments&post=23241"}],"version-history":[{"count":0,"href":"https:\/\/duraznohoy.com\/index.php?rest_route=\/wp\/v2\/posts\/23241\/revisions"}],"wp:featuredmedia":[{"embeddable":true,"href":"https:\/\/duraznohoy.com\/index.php?rest_route=\/wp\/v2\/media\/23242"}],"wp:attachment":[{"href":"https:\/\/duraznohoy.com\/index.php?rest_route=%2Fwp%2Fv2%2Fmedia&parent=23241"}],"wp:term":[{"taxonomy":"category","embeddable":true,"href":"https:\/\/duraznohoy.com\/index.php?rest_route=%2Fwp%2Fv2%2Fcategories&post=23241"},{"taxonomy":"post_tag","embeddable":true,"href":"https:\/\/duraznohoy.com\/index.php?rest_route=%2Fwp%2Fv2%2Ftags&post=23241"}],"curies":[{"name":"wp","href":"https:\/\/api.w.org\/{rel}","templated":true}]}}