{"id":23244,"date":"2021-05-13T20:38:34","date_gmt":"2021-05-13T23:38:34","guid":{"rendered":"http:\/\/duraznohoy.com\/?p=23244"},"modified":"2021-05-13T20:38:34","modified_gmt":"2021-05-13T23:38:34","slug":"volver-a-vivir","status":"publish","type":"post","link":"https:\/\/duraznohoy.com\/?p=23244","title":{"rendered":"Volver a vivir."},"content":{"rendered":"<h3><em style=\"font-size: 16px;\"><img loading=\"lazy\" decoding=\"async\" class=\"size-medium wp-image-23246 alignleft\" src=\"https:\/\/duraznohoy.com\/wp-content\/uploads\/2021\/05\/RADIO-DURAZNO-2-300x158.jpg\" alt=\"\" width=\"300\" height=\"158\" srcset=\"https:\/\/duraznohoy.com\/wp-content\/uploads\/2021\/05\/RADIO-DURAZNO-2-300x158.jpg 300w, https:\/\/duraznohoy.com\/wp-content\/uploads\/2021\/05\/RADIO-DURAZNO-2-1024x539.jpg 1024w, https:\/\/duraznohoy.com\/wp-content\/uploads\/2021\/05\/RADIO-DURAZNO-2-768x404.jpg 768w, https:\/\/duraznohoy.com\/wp-content\/uploads\/2021\/05\/RADIO-DURAZNO-2-1536x809.jpg 1536w, https:\/\/duraznohoy.com\/wp-content\/uploads\/2021\/05\/RADIO-DURAZNO-2.jpg 1567w\" sizes=\"auto, (max-width: 300px) 100vw, 300px\" \/><\/em><\/h3>\n<h3>En la ma\u00f1ana de este jueves, se reintegraron a su Programa \u201cAlternativa\u201d, los colegas Leticia Fern\u00e1ndez y Fredy Rusch, tras padecer covid 19,<\/h3>\n<p>Ambos, contaron lo que signific\u00f3 para ellos, la familia y el entorno, estas semanas que, seguramente, no olvidar\u00e1n jam\u00e1s. Una frase de Fredy lo dice todo <strong><em>\u201cPensar que est\u00e1bamos bien y no lo sab\u00edamos\u2026\u201d<\/em><\/strong><\/p>\n<p>La narraci\u00f3n de los colegas, sobre la circunstancia in\u00e9dita que les toc\u00f3 vivir, sirve para tratar de convencer a los descre\u00eddos, sobre la peligrosidad de la pandemia.<\/p>\n<p>Ejemplo de ello, es lo publicado por <strong>Ricardo Alarc\u00f3n<\/strong>, ex presidente del Club Nacional de F\u00fatbol de Montevideo, que estuvo al borde de la muerte y que nos permitimos reproducir.<\/p>\n<p><em>\u201cQueridos amigos:<\/em><\/p>\n<p><em>El 21 de marzo a mi mujer Pierana y a m\u00ed nos diagnosticaron COVID. Recib\u00ed una carga viral muy fuerte, por eso me internaron, pas\u00e9 al CTI, me intubaron, estuve en coma farmacol\u00f3gico y con bloqueantes musculares con los riesgos que eso implicaba: infecciones y afectaci\u00f3n de diferentes \u00f3rganos. Obvio que las noticias para mi familia d\u00eda a d\u00eda eran muy desalentadoras; el nerviosismo, la ansiedad y la angustia se apoderaron de todos. El \u00fanico que resisti\u00f3 fui yo, que jam\u00e1s me enter\u00e9 de nada. Como estaba inconsciente, estuve al margen de este tsunami emocional.<\/em><\/p>\n<p><em>Cerr\u00e9 los ojos el 1\u00ba de abril y me despert\u00e9 con Nacional bicampe\u00f3n uruguayo y 4 t\u00e9cnicos nuevos&#8230;<\/em><\/p>\n<p><em>Uno est\u00e1 acostumbrado a tener pausas en la vida de 8 horas cuando duerme, que permiten ponerte al d\u00eda de las cosas que han ocurrido en el mundo y a tu alrededor durante esa pausa. Pero si est\u00e1s 30 d\u00edas inconscientes, cuando abr\u00eds los ojos no crees ni entender lo qu\u00e9 pas\u00f3, no sabes si esto es real o es un sue\u00f1o. Empec\u00e9 a darme cuenta que algo hab\u00eda pasado cuando mi mujer y mis hijos me susurraban al o\u00eddo, me acariciaban los pies y me hac\u00edan mimos en la cabeza&#8230; <\/em><\/p>\n<p><em>El 22 me extubaron \u00a0y volv\u00ed a nacer!!!<\/em><\/p>\n<p><em>El 29 de abril dej\u00e9 el CTI con la gran noticia que la Providencia me hab\u00eda ayudado. Hace 10 d\u00edas que estoy en piso, en otra etapa, rehabilit\u00e1ndome. <\/em><\/p>\n<p><em>Amigos, me siento un sobreviviente, les ruego que se cuiden y trasmitan a su entorno que esto no es \u201cchanga\u201d. Lo que les cont\u00e9 es el partido de mi vida m\u00e1s dif\u00edcil que gan\u00e9, cuando se daba todo para perderlo por goleada. Quiero agradecer a las nurses, enfermeros, personal de servicio, tisaner\u00eda, fisioterapeutas, nutricionistas, m\u00e9dicos; que lucharon para salvarme la vida. Tambi\u00e9n a los amigos como ustedes que de todas partes transformaron esa preocupaci\u00f3n en cari\u00f1o y ondas positivas que llegaron a cada rinc\u00f3n de mi cuerpo y mi alma.<\/em><\/p>\n<p><em>Cada uno a su manera pele\u00f3 por m\u00ed para llegar a este objetivo final: que hoy vuelva a ser feliz. Los abrazo con el alma. Ricardo\u201d.<\/em> <\/p>\n","protected":false},"excerpt":{"rendered":"<p>En la ma\u00f1ana de este jueves, se reintegraron a su Programa \u201cAlternativa\u201d, los colegas Leticia&#8230;<\/p>\n","protected":false},"author":2,"featured_media":23245,"comment_status":"closed","ping_status":"closed","sticky":false,"template":"","format":"standard","meta":{"footnotes":"","jetpack_publicize_message":"{title}\n\n{excerpt}\n\n{url}","jetpack_publicize_feature_enabled":true,"jetpack_social_post_already_shared":true,"jetpack_social_options":{"image_generator_settings":{"template":"fullscreen","default_image_id":0,"font":"","enabled":false},"version":2},"_wpas_customize_per_network":false},"categories":[33,109],"tags":[],"class_list":["post-23244","post","type-post","status-publish","format-standard","has-post-thumbnail","hentry","category-actualidad","category-coronavirus-2"],"jetpack_publicize_connections":[],"_links":{"self":[{"href":"https:\/\/duraznohoy.com\/index.php?rest_route=\/wp\/v2\/posts\/23244","targetHints":{"allow":["GET"]}}],"collection":[{"href":"https:\/\/duraznohoy.com\/index.php?rest_route=\/wp\/v2\/posts"}],"about":[{"href":"https:\/\/duraznohoy.com\/index.php?rest_route=\/wp\/v2\/types\/post"}],"author":[{"embeddable":true,"href":"https:\/\/duraznohoy.com\/index.php?rest_route=\/wp\/v2\/users\/2"}],"replies":[{"embeddable":true,"href":"https:\/\/duraznohoy.com\/index.php?rest_route=%2Fwp%2Fv2%2Fcomments&post=23244"}],"version-history":[{"count":0,"href":"https:\/\/duraznohoy.com\/index.php?rest_route=\/wp\/v2\/posts\/23244\/revisions"}],"wp:featuredmedia":[{"embeddable":true,"href":"https:\/\/duraznohoy.com\/index.php?rest_route=\/wp\/v2\/media\/23245"}],"wp:attachment":[{"href":"https:\/\/duraznohoy.com\/index.php?rest_route=%2Fwp%2Fv2%2Fmedia&parent=23244"}],"wp:term":[{"taxonomy":"category","embeddable":true,"href":"https:\/\/duraznohoy.com\/index.php?rest_route=%2Fwp%2Fv2%2Fcategories&post=23244"},{"taxonomy":"post_tag","embeddable":true,"href":"https:\/\/duraznohoy.com\/index.php?rest_route=%2Fwp%2Fv2%2Ftags&post=23244"}],"curies":[{"name":"wp","href":"https:\/\/api.w.org\/{rel}","templated":true}]}}