{"id":23251,"date":"2021-05-14T11:44:32","date_gmt":"2021-05-14T14:44:32","guid":{"rendered":"http:\/\/duraznohoy.com\/?p=23251"},"modified":"2021-05-14T11:44:32","modified_gmt":"2021-05-14T14:44:32","slug":"guitarra-dolorida","status":"publish","type":"post","link":"https:\/\/duraznohoy.com\/?p=23251","title":{"rendered":"Guitarra dolorida."},"content":{"rendered":"<h3>Falleci\u00f3 en las \u00faltimas horas el excelente m\u00fasico riverense Washington\u00a0 Pereira, m\u00e1s de 35 a\u00f1os ejecutando la guitarra profesionalmente.<\/h3>\n<p>Comienza integrando orquestas de m\u00fasica pop en Rivera, hasta que por invitaci\u00f3n del Ga\u00facho Cleiber Rocha se entrega de lleno a la m\u00fasica ga\u00facha, logrando varias premiaciones como mejor Instrumentista en Festivales de R\u00edo Grande del Sur: 4\u00ba Bordoneio-Montenegro, 10\u00aa y 11\u00aa Gauderiada-Rosario do Sul, 4\u00ba y 7\u00ba Canto Nativista de Yaguar\u00ed, 6\u00ba Campamento da Can\u00e7ao Crioula-Campo Bom, 11\u00aa Tertulia-Santa Mar\u00eda, 7\u00aa Salamanca-Quara\u00ed, 2\u00ba Eco dos Festivais-Tramanda\u00ed, 7\u00aa Yerra da Can\u00e7ao Ga\u00facha-Santa Victoria do Palmar, y en el Clasicanto-Bag\u00e9.<\/p>\n<p>En los diversos Festivales logra gravar alrededor de 100 m\u00fasicas con la mayor\u00eda de los cantantes ga\u00fachos.<\/p>\n<figure id=\"attachment_23252\" aria-describedby=\"caption-attachment-23252\" style=\"width: 244px\" class=\"wp-caption alignright\"><img loading=\"lazy\" decoding=\"async\" class=\" wp-image-23252\" src=\"https:\/\/duraznohoy.com\/wp-content\/uploads\/2021\/05\/PEREIRA-W..1jpg-300x226.jpg\" alt=\"\" width=\"244\" height=\"184\" srcset=\"https:\/\/duraznohoy.com\/wp-content\/uploads\/2021\/05\/PEREIRA-W..1jpg-300x226.jpg 300w, https:\/\/duraznohoy.com\/wp-content\/uploads\/2021\/05\/PEREIRA-W..1jpg.jpg 719w\" sizes=\"auto, (max-width: 244px) 100vw, 244px\" \/><figcaption id=\"caption-attachment-23252\" class=\"wp-caption-text\"><strong>Tras varios a\u00f1os separados, un abrazo lim\u00f3 asperezas con Turcatt<\/strong>i.<\/figcaption><\/figure>\n<p>En 1994, junto con Richard Turcatti, son bautizados de D\u00fao por el Festival Nacional de Folklore de Durazno, y desde entonces comienzan a recorrer los m\u00e1s grandes Festivales del Pa\u00eds, tocando en todos los Departamentos, pasando por sus capitales y hasta los m\u00e1s peque\u00f1os pueblos.<\/p>\n<p>M\u00fasico, compositor, arreglista. Fu\u00e9 director de conjuntos musicales de m\u00fasica de baile, y de murgas. Excelente ejecutante de varios instrumentos: bajo, guitarra electroac\u00fastica, guitarra el\u00e9ctrica, guitarr\u00f3n, banjo, cavaqui\u00f1o, teclado.<\/p>\n<p>Washington adem\u00e1s, acompa\u00f1\u00f3 musicalmente a muchos cantores, especialmente apoyando a figuras j\u00f3venes que incursionaban en el camino de la canci\u00f3n tel\u00farica.<\/p>\n<p>\u201cEl Negro Pereira\u201d deja sin duda un recuerdo imborrable y la ausencia de su guitarra en los escenarios, como solo \u00e9l sab\u00eda tocarla, se sentir\u00e1 much\u00edsimo.<\/p>\n<p>&nbsp; <\/p>\n","protected":false},"excerpt":{"rendered":"<p>Falleci\u00f3 en las \u00faltimas horas el excelente m\u00fasico riverense Washington\u00a0 Pereira, m\u00e1s de 35 a\u00f1os&#8230;<\/p>\n","protected":false},"author":2,"featured_media":23254,"comment_status":"closed","ping_status":"closed","sticky":false,"template":"","format":"standard","meta":{"footnotes":"","jetpack_publicize_message":"{title}\n\n{excerpt}\n\n{url}","jetpack_publicize_feature_enabled":true,"jetpack_social_post_already_shared":true,"jetpack_social_options":{"image_generator_settings":{"template":"fullscreen","default_image_id":0,"font":"","enabled":false},"version":2},"_wpas_customize_per_network":false},"categories":[17],"tags":[],"class_list":["post-23251","post","type-post","status-publish","format-standard","has-post-thumbnail","hentry","category-deceso"],"jetpack_publicize_connections":[],"_links":{"self":[{"href":"https:\/\/duraznohoy.com\/index.php?rest_route=\/wp\/v2\/posts\/23251","targetHints":{"allow":["GET"]}}],"collection":[{"href":"https:\/\/duraznohoy.com\/index.php?rest_route=\/wp\/v2\/posts"}],"about":[{"href":"https:\/\/duraznohoy.com\/index.php?rest_route=\/wp\/v2\/types\/post"}],"author":[{"embeddable":true,"href":"https:\/\/duraznohoy.com\/index.php?rest_route=\/wp\/v2\/users\/2"}],"replies":[{"embeddable":true,"href":"https:\/\/duraznohoy.com\/index.php?rest_route=%2Fwp%2Fv2%2Fcomments&post=23251"}],"version-history":[{"count":0,"href":"https:\/\/duraznohoy.com\/index.php?rest_route=\/wp\/v2\/posts\/23251\/revisions"}],"wp:featuredmedia":[{"embeddable":true,"href":"https:\/\/duraznohoy.com\/index.php?rest_route=\/wp\/v2\/media\/23254"}],"wp:attachment":[{"href":"https:\/\/duraznohoy.com\/index.php?rest_route=%2Fwp%2Fv2%2Fmedia&parent=23251"}],"wp:term":[{"taxonomy":"category","embeddable":true,"href":"https:\/\/duraznohoy.com\/index.php?rest_route=%2Fwp%2Fv2%2Fcategories&post=23251"},{"taxonomy":"post_tag","embeddable":true,"href":"https:\/\/duraznohoy.com\/index.php?rest_route=%2Fwp%2Fv2%2Ftags&post=23251"}],"curies":[{"name":"wp","href":"https:\/\/api.w.org\/{rel}","templated":true}]}}