{"id":23287,"date":"2021-05-15T23:12:33","date_gmt":"2021-05-16T02:12:33","guid":{"rendered":"http:\/\/duraznohoy.com\/?p=23287"},"modified":"2021-05-15T23:12:33","modified_gmt":"2021-05-16T02:12:33","slug":"32-nuevos-casos-y-2-fallecidos-por-covid-19-en-durazno","status":"publish","type":"post","link":"https:\/\/duraznohoy.com\/?p=23287","title":{"rendered":"32 nuevos casos y 2 fallecidos por Covid-19 en Durazno"},"content":{"rendered":"<p><img loading=\"lazy\" decoding=\"async\" src=\"https:\/\/duraznohoy.com\/wp-content\/uploads\/2021\/05\/IMG-20210515-WA0139-300x650.jpg\" alt=\"\" width=\"300\" height=\"650\" class=\"alignnone size-medium wp-image-23288\" srcset=\"https:\/\/duraznohoy.com\/wp-content\/uploads\/2021\/05\/IMG-20210515-WA0139-300x650.jpg 300w, https:\/\/duraznohoy.com\/wp-content\/uploads\/2021\/05\/IMG-20210515-WA0139-473x1024.jpg 473w, https:\/\/duraznohoy.com\/wp-content\/uploads\/2021\/05\/IMG-20210515-WA0139-709x1536.jpg 709w, https:\/\/duraznohoy.com\/wp-content\/uploads\/2021\/05\/IMG-20210515-WA0139.jpg 720w\" sizes=\"auto, (max-width: 300px) 100vw, 300px\" \/><br \/>\nDe acuerdo a la informaci\u00f3n proporcionada por el Ministerio de Salud P\u00fablica (MSP), hoy se llevaron a cabo 12.849 an\u00e1lisis y se detectaron 2.876 nuevos casos de Coronavirus COVID-19. <\/p>\n<p>De los 2.876 casos nuevos, 1.241 son de Montevideo, 388 de Canelones, 203 de Salto, 173 de Maldonado, 138 de Colonia, 111 de Paysand\u00fa, 111 de San Jos\u00e9, 76 de Artigas, 76 de Tacuaremb\u00f3, 72 de Soriano, 48 de Rivera, 47 de Cerro Largo, 46 de Florida, 34 de Lavalleja, 32 de Durazno, 28 de Treinta y Tres, 19 de Flores, 19 de R\u00edo Negro y 14 de Rocha.<br \/>\nDesde que se declar\u00f3 la emergencia sanitaria el 13 de marzo se han procesado 1.993.646 test y se han registrado 238.079 casos positivos de Coronavirus en todo el territorio nacional. De ese total 206.670 ya se recuperaron.<br \/>\nHoy se confirmaron 50 fallecimientos con diagn\u00f3stico de SARS-CoV-2 en nuestro pa\u00eds. Hasta el momento son 3.419 las defunciones con diagn\u00f3stico de COVID-19 en Uruguay. <\/p>\n","protected":false},"excerpt":{"rendered":"<p>De acuerdo a la informaci\u00f3n proporcionada por el Ministerio de Salud P\u00fablica (MSP), hoy se&#8230;<\/p>\n","protected":false},"author":26,"featured_media":23288,"comment_status":"closed","ping_status":"closed","sticky":false,"template":"","format":"standard","meta":{"footnotes":"","jetpack_publicize_message":"{title}\n\n{excerpt}\n\n{url}","jetpack_publicize_feature_enabled":true,"jetpack_social_post_already_shared":true,"jetpack_social_options":{"image_generator_settings":{"template":"fullscreen","default_image_id":0,"font":"","enabled":false},"version":2},"_wpas_customize_per_network":false},"categories":[33],"tags":[],"class_list":["post-23287","post","type-post","status-publish","format-standard","has-post-thumbnail","hentry","category-actualidad"],"jetpack_publicize_connections":[],"_links":{"self":[{"href":"https:\/\/duraznohoy.com\/index.php?rest_route=\/wp\/v2\/posts\/23287","targetHints":{"allow":["GET"]}}],"collection":[{"href":"https:\/\/duraznohoy.com\/index.php?rest_route=\/wp\/v2\/posts"}],"about":[{"href":"https:\/\/duraznohoy.com\/index.php?rest_route=\/wp\/v2\/types\/post"}],"author":[{"embeddable":true,"href":"https:\/\/duraznohoy.com\/index.php?rest_route=\/wp\/v2\/users\/26"}],"replies":[{"embeddable":true,"href":"https:\/\/duraznohoy.com\/index.php?rest_route=%2Fwp%2Fv2%2Fcomments&post=23287"}],"version-history":[{"count":0,"href":"https:\/\/duraznohoy.com\/index.php?rest_route=\/wp\/v2\/posts\/23287\/revisions"}],"wp:featuredmedia":[{"embeddable":true,"href":"https:\/\/duraznohoy.com\/index.php?rest_route=\/wp\/v2\/media\/23288"}],"wp:attachment":[{"href":"https:\/\/duraznohoy.com\/index.php?rest_route=%2Fwp%2Fv2%2Fmedia&parent=23287"}],"wp:term":[{"taxonomy":"category","embeddable":true,"href":"https:\/\/duraznohoy.com\/index.php?rest_route=%2Fwp%2Fv2%2Fcategories&post=23287"},{"taxonomy":"post_tag","embeddable":true,"href":"https:\/\/duraznohoy.com\/index.php?rest_route=%2Fwp%2Fv2%2Ftags&post=23287"}],"curies":[{"name":"wp","href":"https:\/\/api.w.org\/{rel}","templated":true}]}}