{"id":23392,"date":"2021-05-21T20:13:45","date_gmt":"2021-05-21T23:13:45","guid":{"rendered":"http:\/\/duraznohoy.com\/?p=23392"},"modified":"2021-05-21T20:13:45","modified_gmt":"2021-05-21T23:13:45","slug":"nueva-campana-de-vacunacion-en-el-interior","status":"publish","type":"post","link":"https:\/\/duraznohoy.com\/?p=23392","title":{"rendered":"Nueva campa\u00f1a de vacunaci\u00f3n en el interior"},"content":{"rendered":"<p><img loading=\"lazy\" decoding=\"async\" src=\"https:\/\/duraznohoy.com\/wp-content\/uploads\/2021\/05\/vacuna-300x200.jpg\" alt=\"\" width=\"300\" height=\"200\" class=\"alignnone size-medium wp-image-23354\" srcset=\"https:\/\/duraznohoy.com\/wp-content\/uploads\/2021\/05\/vacuna-300x200.jpg 300w, https:\/\/duraznohoy.com\/wp-content\/uploads\/2021\/05\/vacuna-768x513.jpg 768w, https:\/\/duraznohoy.com\/wp-content\/uploads\/2021\/05\/vacuna.jpg 800w\" sizes=\"auto, (max-width: 300px) 100vw, 300px\" \/><br \/>\nLa pr\u00f3xima semana se desarrollar\u00e1 una nueva campa\u00f1a de vacunaci\u00f3n anti Covid-19 en localidades del interior, personal perteneciente a la Comisi\u00f3n Honoraria de Lucha Antituberculosa y Enfermedades Prevalentes, con el apoyo del personal del Ministerio de Salud P\u00fablica, Policl\u00ednicas Locales, Ministerio del Interior e Intendencia de Durazno, concurrir\u00e1n a las localidades de Villa del Carmen, Carlos Reyles, La Paloma, Blanquillo, San Jorge, Centenario, Feliciano, Sarand\u00ed de Cuadra y Omb\u00faes de Oribe.<br \/>\nEl p\u00fablico objetivo ser\u00e1n todas aquellas personas desde 18 a\u00f1os en adelante sin l\u00edmite de edad que residan en esas localidades y parajes rurales de la zona de influencia que hasta el momento no hayan recibido la vacuna contra el Covid-19.<br \/>\nEn el caso de La Paloma, como ya transcurrieron catorce d\u00edas de la segunda dosis que se administr\u00f3 en prevenci\u00f3n del Covid-19, las personas interesadas tambi\u00e9n podr\u00e1n recibir la vacuna contra la gripe.<br \/>\nEl calendario de vacunaci\u00f3n ser\u00e1 el siguiente:<br \/>\nLunes 24 de mayo: Villa del Carmen de 08:00 a 16:00 horas (Policl\u00ednica)<br \/>\nLunes 24 de mayo: Carlos Reyles de 14:00 a 19:00 horas (Gimnasio)<br \/>\nMartes 25 de mayo: La Paloma de 08:00 a 16:00 (Gimnasio)<br \/>\nMi\u00e9rcoles 26 de mayo: Blanquillo de 08:00 a 14:00 horas (Gimnasio)<br \/>\nMi\u00e9rcoles 26 de mayo: San Jorge de 14:00 a 18:00 horas (Gimnasio)<br \/>\nJueves 27 de mayo: Feliciano de 08:00 a 12:00 horas (Policl\u00ednica)<br \/>\nJueves 27 de mayo: Centenario de 12:00 a 17:00 horas (Gimnasio)<br \/>\nViernes 28 de mayo: Centenario de 12:00 a 17:00 horas (Gimnasio)<br \/>\nLunes 31 de mayo: Sarand\u00ed de Cuadras de 15:30 a 18:00 (Policl\u00ednica)<br \/>\nLunes 31 de mayo: Omb\u00faes de Oribe de 15:30 a 18:00 (Policl\u00ednica) <\/p>\n","protected":false},"excerpt":{"rendered":"<p>La pr\u00f3xima semana se desarrollar\u00e1 una nueva campa\u00f1a de vacunaci\u00f3n anti Covid-19 en localidades del&#8230;<\/p>\n","protected":false},"author":26,"featured_media":23354,"comment_status":"closed","ping_status":"closed","sticky":false,"template":"","format":"standard","meta":{"footnotes":"","jetpack_publicize_message":"{title}\n\n{excerpt}\n\n{url}","jetpack_publicize_feature_enabled":true,"jetpack_social_post_already_shared":true,"jetpack_social_options":{"image_generator_settings":{"template":"fullscreen","default_image_id":0,"font":"","enabled":false},"version":2},"_wpas_customize_per_network":false},"categories":[33],"tags":[],"class_list":["post-23392","post","type-post","status-publish","format-standard","has-post-thumbnail","hentry","category-actualidad"],"jetpack_publicize_connections":[],"_links":{"self":[{"href":"https:\/\/duraznohoy.com\/index.php?rest_route=\/wp\/v2\/posts\/23392","targetHints":{"allow":["GET"]}}],"collection":[{"href":"https:\/\/duraznohoy.com\/index.php?rest_route=\/wp\/v2\/posts"}],"about":[{"href":"https:\/\/duraznohoy.com\/index.php?rest_route=\/wp\/v2\/types\/post"}],"author":[{"embeddable":true,"href":"https:\/\/duraznohoy.com\/index.php?rest_route=\/wp\/v2\/users\/26"}],"replies":[{"embeddable":true,"href":"https:\/\/duraznohoy.com\/index.php?rest_route=%2Fwp%2Fv2%2Fcomments&post=23392"}],"version-history":[{"count":0,"href":"https:\/\/duraznohoy.com\/index.php?rest_route=\/wp\/v2\/posts\/23392\/revisions"}],"wp:featuredmedia":[{"embeddable":true,"href":"https:\/\/duraznohoy.com\/index.php?rest_route=\/wp\/v2\/media\/23354"}],"wp:attachment":[{"href":"https:\/\/duraznohoy.com\/index.php?rest_route=%2Fwp%2Fv2%2Fmedia&parent=23392"}],"wp:term":[{"taxonomy":"category","embeddable":true,"href":"https:\/\/duraznohoy.com\/index.php?rest_route=%2Fwp%2Fv2%2Fcategories&post=23392"},{"taxonomy":"post_tag","embeddable":true,"href":"https:\/\/duraznohoy.com\/index.php?rest_route=%2Fwp%2Fv2%2Ftags&post=23392"}],"curies":[{"name":"wp","href":"https:\/\/api.w.org\/{rel}","templated":true}]}}