{"id":23398,"date":"2021-05-21T20:22:48","date_gmt":"2021-05-21T23:22:48","guid":{"rendered":"http:\/\/duraznohoy.com\/?p=23398"},"modified":"2021-05-21T20:22:48","modified_gmt":"2021-05-21T23:22:48","slug":"trasladan-oficinas-de-desarrollo-y-medio-ambiente","status":"publish","type":"post","link":"https:\/\/duraznohoy.com\/?p=23398","title":{"rendered":"Trasladan oficinas de Desarrollo y Medio Ambiente"},"content":{"rendered":"<p><img loading=\"lazy\" decoding=\"async\" src=\"https:\/\/duraznohoy.com\/wp-content\/uploads\/2021\/05\/IMG-20210521-WA0128-300x225.jpg\" alt=\"\" width=\"300\" height=\"225\" class=\"alignnone size-medium wp-image-23400\" srcset=\"https:\/\/duraznohoy.com\/wp-content\/uploads\/2021\/05\/IMG-20210521-WA0128-300x225.jpg 300w, https:\/\/duraznohoy.com\/wp-content\/uploads\/2021\/05\/IMG-20210521-WA0128-1024x768.jpg 1024w, https:\/\/duraznohoy.com\/wp-content\/uploads\/2021\/05\/IMG-20210521-WA0128-768x576.jpg 768w, https:\/\/duraznohoy.com\/wp-content\/uploads\/2021\/05\/IMG-20210521-WA0128-1536x1152.jpg 1536w, https:\/\/duraznohoy.com\/wp-content\/uploads\/2021\/05\/IMG-20210521-WA0128.jpg 1600w\" sizes=\"auto, (max-width: 300px) 100vw, 300px\" \/><br \/>\nCon la finalidad de continuar mejorando la atenci\u00f3n al p\u00fablico en general y brindar mayor comodidad a los funcionarios que se desempe\u00f1an en el lugar, la Intendencia de Durazno trasladar\u00e1 las oficinas del Departamento de Desarrollo y Medio Ambiente.<br \/>\nEl local ubicado en calle Eusebio Piriz 733, junto a la Sala Juan Antonio Lavalleja, est\u00e1 en proceso final de mejoras edilicias y quedar\u00e1 operativo una vez se retome la presencialidad de atenci\u00f3n al p\u00f9blico, inform\u00f3 el director, Claudio Pi\u00f1eyro.<br \/>\nEl traslado abarca todo lo referente a la parte administrativa y funcional del Departamento, lo que ata\u00f1e a Medio Ambiente, Durazno Integra y Turismo. <\/p>\n","protected":false},"excerpt":{"rendered":"<p>Con la finalidad de continuar mejorando la atenci\u00f3n al p\u00fablico en general y brindar mayor&#8230;<\/p>\n","protected":false},"author":26,"featured_media":23400,"comment_status":"closed","ping_status":"closed","sticky":false,"template":"","format":"standard","meta":{"footnotes":"","jetpack_publicize_message":"{title}\n\n{excerpt}\n\n{url}","jetpack_publicize_feature_enabled":true,"jetpack_social_post_already_shared":true,"jetpack_social_options":{"image_generator_settings":{"template":"fullscreen","default_image_id":0,"font":"","enabled":false},"version":2},"_wpas_customize_per_network":false},"categories":[33],"tags":[],"class_list":["post-23398","post","type-post","status-publish","format-standard","has-post-thumbnail","hentry","category-actualidad"],"jetpack_publicize_connections":[],"_links":{"self":[{"href":"https:\/\/duraznohoy.com\/index.php?rest_route=\/wp\/v2\/posts\/23398","targetHints":{"allow":["GET"]}}],"collection":[{"href":"https:\/\/duraznohoy.com\/index.php?rest_route=\/wp\/v2\/posts"}],"about":[{"href":"https:\/\/duraznohoy.com\/index.php?rest_route=\/wp\/v2\/types\/post"}],"author":[{"embeddable":true,"href":"https:\/\/duraznohoy.com\/index.php?rest_route=\/wp\/v2\/users\/26"}],"replies":[{"embeddable":true,"href":"https:\/\/duraznohoy.com\/index.php?rest_route=%2Fwp%2Fv2%2Fcomments&post=23398"}],"version-history":[{"count":0,"href":"https:\/\/duraznohoy.com\/index.php?rest_route=\/wp\/v2\/posts\/23398\/revisions"}],"wp:featuredmedia":[{"embeddable":true,"href":"https:\/\/duraznohoy.com\/index.php?rest_route=\/wp\/v2\/media\/23400"}],"wp:attachment":[{"href":"https:\/\/duraznohoy.com\/index.php?rest_route=%2Fwp%2Fv2%2Fmedia&parent=23398"}],"wp:term":[{"taxonomy":"category","embeddable":true,"href":"https:\/\/duraznohoy.com\/index.php?rest_route=%2Fwp%2Fv2%2Fcategories&post=23398"},{"taxonomy":"post_tag","embeddable":true,"href":"https:\/\/duraznohoy.com\/index.php?rest_route=%2Fwp%2Fv2%2Ftags&post=23398"}],"curies":[{"name":"wp","href":"https:\/\/api.w.org\/{rel}","templated":true}]}}