{"id":23419,"date":"2021-05-21T21:43:10","date_gmt":"2021-05-22T00:43:10","guid":{"rendered":"http:\/\/duraznohoy.com\/?p=23419"},"modified":"2021-05-21T21:43:10","modified_gmt":"2021-05-22T00:43:10","slug":"entre-cuerdas-y-arcilla","status":"publish","type":"post","link":"https:\/\/duraznohoy.com\/?p=23419","title":{"rendered":"Entre cuerdas y arcilla."},"content":{"rendered":"<figure id=\"attachment_23421\" aria-describedby=\"caption-attachment-23421\" style=\"width: 165px\" class=\"wp-caption alignleft\"><img loading=\"lazy\" decoding=\"async\" class=\" wp-image-23421\" src=\"https:\/\/duraznohoy.com\/wp-content\/uploads\/2021\/05\/BURGUEZ-SILVESTRE-300x452.jpg\" alt=\"\" width=\"165\" height=\"248\" srcset=\"https:\/\/duraznohoy.com\/wp-content\/uploads\/2021\/05\/BURGUEZ-SILVESTRE-300x452.jpg 300w, https:\/\/duraznohoy.com\/wp-content\/uploads\/2021\/05\/BURGUEZ-SILVESTRE.jpg 378w\" sizes=\"auto, (max-width: 165px) 100vw, 165px\" \/><figcaption id=\"caption-attachment-23421\" class=\"wp-caption-text\"><span style=\"color: #3366ff;\"><strong>Silvestre concursando como solista en las Eliminatorias del Festival de Durazno.<\/strong><\/span><\/figcaption><\/figure>\n<h3><strong>Le conocimos a fines de la d\u00e9cada del 60, cuando en nuestro programa de entonces, \u201cCanta Durazno\u201d, realiz\u00e1bamos pe\u00f1as barriales. En una de ellas, debut\u00f3 Silvestre Burgues, que tiempo despu\u00e9s lo hizo en varios espect\u00e1culos locales e incluso en las eliminatorias para el Festival.<\/strong><\/h3>\n<p>Desde el 9 de Abril de 1989, se radic\u00f3 en Reseda, un barrio de una zona suburbana a unas 15 millas al Nor Oeste de Los \u00c1ngeles, California. Con su esposa, tambi\u00e9n duraznense, Mar\u00eda del Rosario L\u00f3pez enfrentaron nuevos desaf\u00edos y vino la familia y con ella, el volver al pago era m\u00e1s dif\u00edcil, aunque lo ha hecho y lo ha disfrutado con la numerosa familia de ambos.<\/p>\n<figure id=\"attachment_23422\" aria-describedby=\"caption-attachment-23422\" style=\"width: 300px\" class=\"wp-caption alignright\"><img loading=\"lazy\" decoding=\"async\" class=\"size-medium wp-image-23422\" src=\"https:\/\/duraznohoy.com\/wp-content\/uploads\/2021\/05\/BURGUES-SILVESTRE-Y-FLIA-300x173.jpg\" alt=\"\" width=\"300\" height=\"173\" srcset=\"https:\/\/duraznohoy.com\/wp-content\/uploads\/2021\/05\/BURGUES-SILVESTRE-Y-FLIA-300x173.jpg 300w, https:\/\/duraznohoy.com\/wp-content\/uploads\/2021\/05\/BURGUES-SILVESTRE-Y-FLIA.jpg 679w\" sizes=\"auto, (max-width: 300px) 100vw, 300px\" \/><figcaption id=\"caption-attachment-23422\" class=\"wp-caption-text\"><span style=\"color: #3366ff;\"><strong>Con los nietos.<\/strong><\/span><\/figcaption><\/figure>\n<p><strong>Tienen tres hijos Carolina y Valeria que ten\u00edan 7 y 2 a\u00f1os cuando llegaron a los EE.UU. y Leandro que naci\u00f3 all\u00e1 en Agosto del 90. Dos nietas, hijas de Carolina, la mayor (Kali) cumpli\u00f3 12 a\u00f1os hace unos d\u00edas y la hermanita (Abbi) tiene 9.<\/strong><\/p>\n<p>Para nosotros, se fue un cantor y el tiempo, en el cual a pesar de todo hemos estado comunicados, nos muestra a un artista pl\u00e1stico de notorias condiciones. Nos envi\u00f3 unas fotos de su \u00faltimo trabajo: Aparicio Saravia y de all\u00ed a la charla fue solo un paso.<\/p>\n<p><strong><em>\u201cEstoy ac\u00e1 Muy poco me dedico a estas cosas, he hecho alguna que otra cosita muy de tanto en tanto, pero nunca lo he tomado con la seriedad y el tiempo que quiz\u00e1 hubiera merecido.<\/em><\/strong><\/p>\n<p><strong><em>No me considero escultor, esa es palabra qu\u00e9 hay que respetar mucho\u201d <\/em><\/strong>nos doce Silvestre<strong><em>. \u201cEs como cuando me dicen que soy \u201cGuitarrista \u201c, yo les digo no, esa terminaci\u00f3n \u201cIsta\u201d me queda grande. Soy guitarrero, nom\u00e1s y a penas, guitarrero de fog\u00f3n. Y as\u00ed me siento m\u00e1s c\u00f3modo.<\/em><\/strong><\/p>\n<p><strong><em>Con la escultura lo mismo, lo hago como pasatiempo porque me gusta, me gusta enfrentar el desaf\u00edo de buscar las formas y tratar de acercarme a la perfecci\u00f3n, que nunca se alcanza, pero trato. Digo no se alcanza en el caso m\u00edo que soy un aprendiz, no hablo de los grandes maestros que s\u00ed lo consiguieron y muchos contempor\u00e1neos que tambi\u00e9n lo logran.\u201d<\/em><\/strong><\/p>\n<figure id=\"attachment_23412\" aria-describedby=\"caption-attachment-23412\" style=\"width: 218px\" class=\"wp-caption alignleft\"><img loading=\"lazy\" decoding=\"async\" class=\" wp-image-23412\" src=\"https:\/\/duraznohoy.com\/wp-content\/uploads\/2021\/05\/APARICIO-BURGUES2-300x400.jpg\" alt=\"\" width=\"218\" height=\"291\" srcset=\"https:\/\/duraznohoy.com\/wp-content\/uploads\/2021\/05\/APARICIO-BURGUES2-300x400.jpg 300w, https:\/\/duraznohoy.com\/wp-content\/uploads\/2021\/05\/APARICIO-BURGUES2.jpg 453w\" sizes=\"auto, (max-width: 218px) 100vw, 218px\" \/><figcaption id=\"caption-attachment-23412\" class=\"wp-caption-text\"><span style=\"color: #3366ff;\"><strong>Un gaucho, otro trabajo de Silvestre Burgues.<\/strong><\/span><\/figcaption><\/figure>\n<p>Sigue siendo el flaco bonach\u00f3n y sencillo que conocimos hace medio siglo al que me parece verlo ruborizarse al decirme <strong><em>\u201cte agradezco un mont\u00f3n por atenderme y dedicarle tiempo a mi peque\u00f1a obra.\u201d<\/em><\/strong><\/p>\n<p>Y agrega<strong><em> \u201cCreo que es importante que las nuevas generaciones tengan una idea de c\u00f3mo eran sus facciones y como luc\u00eda.(Saravia)<\/em><\/strong><\/p>\n<p><strong><em>Pienso que exponerlo es una forma de hacer llegar su imagen a tantos que lo admiran y a\u00fan lo vivan con devoci\u00f3n, como vos y como yo y as\u00ed refrescar<\/em><\/strong> <strong><em>y avivar su figura y su recuerdo.\u201d<\/em><\/strong><\/p>\n<p>Silvestre tal vez logre que sus obras se exhiban un d\u00eda no muy lejano en el pueblo que le vio nacer.<\/p>\n<p>Qui\u00e9n te dice?<\/p>\n<p>Capaz que hasta \u00e9l mismo toma su guitarra y le canta, porque, al final de cuentas, <strong>\u201cEl arte consiste en celebrar, cantar y llevar a cabo la belleza.\u201d **<\/strong><\/p>\n<p>&nbsp;<\/p>\n<p>**Balthus (Balthasar Klossowski de Rola) <\/p>\n","protected":false},"excerpt":{"rendered":"<p>Le conocimos a fines de la d\u00e9cada del 60, cuando en nuestro programa de entonces,&#8230;<\/p>\n","protected":false},"author":2,"featured_media":23420,"comment_status":"closed","ping_status":"closed","sticky":false,"template":"","format":"standard","meta":{"footnotes":"","jetpack_publicize_message":"{title}\n\n{excerpt}\n\n{url}","jetpack_publicize_feature_enabled":true,"jetpack_social_post_already_shared":true,"jetpack_social_options":{"image_generator_settings":{"template":"fullscreen","default_image_id":0,"font":"","enabled":false},"version":2},"_wpas_customize_per_network":false},"categories":[61],"tags":[],"class_list":["post-23419","post","type-post","status-publish","format-standard","has-post-thumbnail","hentry","category-duraznenses-por-el-mundo"],"jetpack_publicize_connections":[],"_links":{"self":[{"href":"https:\/\/duraznohoy.com\/index.php?rest_route=\/wp\/v2\/posts\/23419","targetHints":{"allow":["GET"]}}],"collection":[{"href":"https:\/\/duraznohoy.com\/index.php?rest_route=\/wp\/v2\/posts"}],"about":[{"href":"https:\/\/duraznohoy.com\/index.php?rest_route=\/wp\/v2\/types\/post"}],"author":[{"embeddable":true,"href":"https:\/\/duraznohoy.com\/index.php?rest_route=\/wp\/v2\/users\/2"}],"replies":[{"embeddable":true,"href":"https:\/\/duraznohoy.com\/index.php?rest_route=%2Fwp%2Fv2%2Fcomments&post=23419"}],"version-history":[{"count":0,"href":"https:\/\/duraznohoy.com\/index.php?rest_route=\/wp\/v2\/posts\/23419\/revisions"}],"wp:featuredmedia":[{"embeddable":true,"href":"https:\/\/duraznohoy.com\/index.php?rest_route=\/wp\/v2\/media\/23420"}],"wp:attachment":[{"href":"https:\/\/duraznohoy.com\/index.php?rest_route=%2Fwp%2Fv2%2Fmedia&parent=23419"}],"wp:term":[{"taxonomy":"category","embeddable":true,"href":"https:\/\/duraznohoy.com\/index.php?rest_route=%2Fwp%2Fv2%2Fcategories&post=23419"},{"taxonomy":"post_tag","embeddable":true,"href":"https:\/\/duraznohoy.com\/index.php?rest_route=%2Fwp%2Fv2%2Ftags&post=23419"}],"curies":[{"name":"wp","href":"https:\/\/api.w.org\/{rel}","templated":true}]}}