{"id":23446,"date":"2021-05-24T19:32:14","date_gmt":"2021-05-24T22:32:14","guid":{"rendered":"http:\/\/duraznohoy.com\/?p=23446"},"modified":"2021-05-24T19:32:14","modified_gmt":"2021-05-24T22:32:14","slug":"heber-por-larranaga","status":"publish","type":"post","link":"https:\/\/duraznohoy.com\/?p=23446","title":{"rendered":"Heber por Larra\u00f1aga."},"content":{"rendered":"<h3>El ministro de Transporte y Obras P\u00fablicas, Luis Alberto Heber, ser\u00e1 el nuevo ministro del Interior, tras el deceso de Jorge Larra\u00f1aga.<\/h3>\n<p><em><strong>\u00abLe ped\u00ed a Luis Alberto Heber que se haga cargo del Ministerio del Interior para as\u00ed poder continuar con la gesti\u00f3n que llev\u00f3 adelante Jorge Larra\u00f1aga\u00bb<\/strong><\/em>, escribi\u00f3 el presidente de la Rep\u00fablica,<strong> Luis Lacalle Pou<\/strong>, en su cuenta de Twitter.<\/p>\n<p><em><strong>\u00abContinuar\u00e1 un proceso de cambios, defensa de los uruguayos, respeto y respaldo a la polic\u00eda\u00bb,<\/strong><\/em> agreg\u00f3 el mandatario.<\/p>\n<p><img loading=\"lazy\" decoding=\"async\" class=\"size-medium wp-image-23448 alignleft\" src=\"https:\/\/duraznohoy.com\/wp-content\/uploads\/2021\/05\/falero-mi-300x300.jpg\" alt=\"\" width=\"300\" height=\"300\" srcset=\"https:\/\/duraznohoy.com\/wp-content\/uploads\/2021\/05\/falero-mi-300x300.jpg 300w, https:\/\/duraznohoy.com\/wp-content\/uploads\/2021\/05\/falero-mi-150x150.jpg 150w, https:\/\/duraznohoy.com\/wp-content\/uploads\/2021\/05\/falero-mi.jpg 400w\" sizes=\"auto, (max-width: 300px) 100vw, 300px\" \/>El ex Intendente d San Jos\u00e9,<strong> Jos\u00e9 Luis Falero<\/strong> ser\u00e1 el sustuituto de Heber en el Ministerio de Transporte. <\/p>\n","protected":false},"excerpt":{"rendered":"<p>El ministro de Transporte y Obras P\u00fablicas, Luis Alberto Heber, ser\u00e1 el nuevo ministro del&#8230;<\/p>\n","protected":false},"author":2,"featured_media":23447,"comment_status":"closed","ping_status":"closed","sticky":false,"template":"","format":"standard","meta":{"footnotes":"","jetpack_publicize_message":"{title}\n\n{excerpt}\n\n{url}","jetpack_publicize_feature_enabled":true,"jetpack_social_post_already_shared":true,"jetpack_social_options":{"image_generator_settings":{"template":"fullscreen","default_image_id":0,"font":"","enabled":false},"version":2},"_wpas_customize_per_network":false},"categories":[33],"tags":[],"class_list":["post-23446","post","type-post","status-publish","format-standard","has-post-thumbnail","hentry","category-actualidad"],"jetpack_publicize_connections":[],"_links":{"self":[{"href":"https:\/\/duraznohoy.com\/index.php?rest_route=\/wp\/v2\/posts\/23446","targetHints":{"allow":["GET"]}}],"collection":[{"href":"https:\/\/duraznohoy.com\/index.php?rest_route=\/wp\/v2\/posts"}],"about":[{"href":"https:\/\/duraznohoy.com\/index.php?rest_route=\/wp\/v2\/types\/post"}],"author":[{"embeddable":true,"href":"https:\/\/duraznohoy.com\/index.php?rest_route=\/wp\/v2\/users\/2"}],"replies":[{"embeddable":true,"href":"https:\/\/duraznohoy.com\/index.php?rest_route=%2Fwp%2Fv2%2Fcomments&post=23446"}],"version-history":[{"count":0,"href":"https:\/\/duraznohoy.com\/index.php?rest_route=\/wp\/v2\/posts\/23446\/revisions"}],"wp:featuredmedia":[{"embeddable":true,"href":"https:\/\/duraznohoy.com\/index.php?rest_route=\/wp\/v2\/media\/23447"}],"wp:attachment":[{"href":"https:\/\/duraznohoy.com\/index.php?rest_route=%2Fwp%2Fv2%2Fmedia&parent=23446"}],"wp:term":[{"taxonomy":"category","embeddable":true,"href":"https:\/\/duraznohoy.com\/index.php?rest_route=%2Fwp%2Fv2%2Fcategories&post=23446"},{"taxonomy":"post_tag","embeddable":true,"href":"https:\/\/duraznohoy.com\/index.php?rest_route=%2Fwp%2Fv2%2Ftags&post=23446"}],"curies":[{"name":"wp","href":"https:\/\/api.w.org\/{rel}","templated":true}]}}