{"id":23468,"date":"2021-05-25T22:42:25","date_gmt":"2021-05-26T01:42:25","guid":{"rendered":"http:\/\/duraznohoy.com\/?p=23468"},"modified":"2021-05-25T22:42:26","modified_gmt":"2021-05-26T01:42:26","slug":"vacunacion-en-el-varona","status":"publish","type":"post","link":"https:\/\/duraznohoy.com\/?p=23468","title":{"rendered":"Vacunaci\u00f3n en el Varona"},"content":{"rendered":"<p><img loading=\"lazy\" decoding=\"async\" src=\"https:\/\/duraznohoy.com\/wp-content\/uploads\/2021\/05\/IMG-20210525-WA0080-300x199.jpg\" alt=\"\" width=\"300\" height=\"199\" class=\"alignnone size-medium wp-image-23472\" srcset=\"https:\/\/duraznohoy.com\/wp-content\/uploads\/2021\/05\/IMG-20210525-WA0080-300x199.jpg 300w, https:\/\/duraznohoy.com\/wp-content\/uploads\/2021\/05\/IMG-20210525-WA0080-1024x678.jpg 1024w, https:\/\/duraznohoy.com\/wp-content\/uploads\/2021\/05\/IMG-20210525-WA0080-768x508.jpg 768w, https:\/\/duraznohoy.com\/wp-content\/uploads\/2021\/05\/IMG-20210525-WA0080-1536x1017.jpg 1536w, https:\/\/duraznohoy.com\/wp-content\/uploads\/2021\/05\/IMG-20210525-WA0080.jpg 1600w\" sizes=\"auto, (max-width: 300px) 100vw, 300px\" \/>                                         En la jornada de hoy de 12.00 a 17.00 horas tuvo lugar en el Centro de Integraci\u00f3n Barrial (CIB) Varona, la jornada de vacunaci\u00f3n contra el coronavirus que realiza la Direcci\u00f3n Departamental de Durazno.                                                                Se registr\u00f3 un alto numero de asistentes, con numerosa presencia de j\u00f3venes de entre 18 y 22 a\u00f1os de edad, se inform\u00f3 por parte de las autoridades de la salud que estuvieorn presentes, el Director Departamental, Dr. Luis Aycaguer y la referente departamental de la Comisi\u00f3n Honoraria de Lucha Antituberculosa y Enferemedades Prevalentes, Mercedes Guanco. <\/p>\n","protected":false},"excerpt":{"rendered":"<p>En la jornada de hoy de 12.00 a 17.00 horas tuvo lugar en el Centro&#8230;<\/p>\n","protected":false},"author":26,"featured_media":23472,"comment_status":"closed","ping_status":"closed","sticky":false,"template":"","format":"standard","meta":{"footnotes":"","jetpack_publicize_message":"{title}\n\n{excerpt}\n\n{url}","jetpack_publicize_feature_enabled":true,"jetpack_social_post_already_shared":true,"jetpack_social_options":{"image_generator_settings":{"template":"fullscreen","default_image_id":0,"font":"","enabled":false},"version":2},"_wpas_customize_per_network":false},"categories":[33],"tags":[],"class_list":["post-23468","post","type-post","status-publish","format-standard","has-post-thumbnail","hentry","category-actualidad"],"jetpack_publicize_connections":[],"_links":{"self":[{"href":"https:\/\/duraznohoy.com\/index.php?rest_route=\/wp\/v2\/posts\/23468","targetHints":{"allow":["GET"]}}],"collection":[{"href":"https:\/\/duraznohoy.com\/index.php?rest_route=\/wp\/v2\/posts"}],"about":[{"href":"https:\/\/duraznohoy.com\/index.php?rest_route=\/wp\/v2\/types\/post"}],"author":[{"embeddable":true,"href":"https:\/\/duraznohoy.com\/index.php?rest_route=\/wp\/v2\/users\/26"}],"replies":[{"embeddable":true,"href":"https:\/\/duraznohoy.com\/index.php?rest_route=%2Fwp%2Fv2%2Fcomments&post=23468"}],"version-history":[{"count":0,"href":"https:\/\/duraznohoy.com\/index.php?rest_route=\/wp\/v2\/posts\/23468\/revisions"}],"wp:featuredmedia":[{"embeddable":true,"href":"https:\/\/duraznohoy.com\/index.php?rest_route=\/wp\/v2\/media\/23472"}],"wp:attachment":[{"href":"https:\/\/duraznohoy.com\/index.php?rest_route=%2Fwp%2Fv2%2Fmedia&parent=23468"}],"wp:term":[{"taxonomy":"category","embeddable":true,"href":"https:\/\/duraznohoy.com\/index.php?rest_route=%2Fwp%2Fv2%2Fcategories&post=23468"},{"taxonomy":"post_tag","embeddable":true,"href":"https:\/\/duraznohoy.com\/index.php?rest_route=%2Fwp%2Fv2%2Ftags&post=23468"}],"curies":[{"name":"wp","href":"https:\/\/api.w.org\/{rel}","templated":true}]}}