{"id":23469,"date":"2021-05-25T22:40:45","date_gmt":"2021-05-26T01:40:45","guid":{"rendered":"http:\/\/duraznohoy.com\/?p=23469"},"modified":"2021-05-25T22:40:45","modified_gmt":"2021-05-26T01:40:45","slug":"quien-perdona-facilmente-invita-a-la-ofensa","status":"publish","type":"post","link":"https:\/\/duraznohoy.com\/?p=23469","title":{"rendered":"\u00abQuien perdona f\u00e1cilmente invita a la ofensa.\u00bb"},"content":{"rendered":"<h3>El Ministerio de Salud P\u00fablica iniciar\u00e1 una investigaci\u00f3n sobre la participaci\u00f3n del arzobispo de Montevideo, Daniel Sturla, en las honras f\u00fanebres del exministro Jorge Larra\u00f1aga, inform\u00f3 la periodista Paula Scorza de Desayunos Informales en Twitter y confirm\u00f3 Montevideo Portal con fuentes de la cartera.<\/h3>\n<p>El cardenal hizo un mea culpa este martes por participar del cortejo f\u00fanebre de la Larra\u00f1aga en las afueras de la Casa del Partido Nacional, cuando debi\u00f3 guardar cuarentena preventiva.<\/p>\n<p>Sturla inform\u00f3 que este lunes 24 de mayo se realiz\u00f3 un hisopado, dio covid positivo y que el lunes 17 de mayo estuvo reunido con un sacerdote que estaba contagiado del coronavirus.<\/p>\n<p>En su cuenta de Twitter relat\u00f3 como se contagi\u00f3 y aclar\u00f3 que tiene las dos dosis de la vacuna Sinovac dadas.<\/p>\n<div class=\"css-1dbjc4n r-18u37iz r-15zivkp\" data-testid=\"tweet\">\n<div class=\"css-1dbjc4n r-1awozwy r-1hwvwag r-18kxxzh r-1b7u577\">\n<div class=\"css-1dbjc4n r-18kxxzh r-1wbh5a2 r-13qz1uu\">\n<div class=\"css-1dbjc4n r-1wbh5a2 r-dnmrzs\">\n<div class=\"css-1dbjc4n r-1adg3ll r-1udh08x\">\n<div class=\"r-1p0dtai r-1pi2tsx r-1d2f490 r-u8s1d r-ipm5af r-13qz1uu\">\n<div class=\"css-1dbjc4n r-sdzlij r-1p0dtai r-1mlwlqe r-1d2f490 r-1udh08x r-u8s1d r-zchlnj r-ipm5af r-417010\" aria-label=\"\"><img decoding=\"async\" class=\"css-9pa8cd\" draggable=\"true\" src=\"https:\/\/pbs.twimg.com\/profile_images\/436901522824118272\/8NyrPS5v_normal.jpeg\" alt=\"\" \/> <strong>Daniel Sturla: con charlas breves y por la baja carga viral que tengo, las posibilidades de contagios son casi nulas. Avis\u00e9 a las cuatro personas con las que estuve conversando m\u00e1s. Aunque tuve cuidado de usar tapabocas y era al aire libre, s\u00e9 que no actu\u00e9 como deb\u00eda y pido disculpas.<\/strong><\/div>\n<\/div>\n<\/div>\n<\/div>\n<\/div>\n<\/div>\n<\/div>\n<p>Frase del t\u00edtulo: Pierre Corneille <\/p>\n","protected":false},"excerpt":{"rendered":"<p>El Ministerio de Salud P\u00fablica iniciar\u00e1 una investigaci\u00f3n sobre la participaci\u00f3n del arzobispo de Montevideo,&#8230;<\/p>\n","protected":false},"author":2,"featured_media":23470,"comment_status":"closed","ping_status":"closed","sticky":false,"template":"","format":"standard","meta":{"footnotes":"","jetpack_publicize_message":"{title}\n\n{excerpt}\n\n{url}","jetpack_publicize_feature_enabled":true,"jetpack_social_post_already_shared":true,"jetpack_social_options":{"image_generator_settings":{"template":"fullscreen","default_image_id":0,"font":"","enabled":false},"version":2},"_wpas_customize_per_network":false},"categories":[33],"tags":[],"class_list":["post-23469","post","type-post","status-publish","format-standard","has-post-thumbnail","hentry","category-actualidad"],"jetpack_publicize_connections":[],"_links":{"self":[{"href":"https:\/\/duraznohoy.com\/index.php?rest_route=\/wp\/v2\/posts\/23469","targetHints":{"allow":["GET"]}}],"collection":[{"href":"https:\/\/duraznohoy.com\/index.php?rest_route=\/wp\/v2\/posts"}],"about":[{"href":"https:\/\/duraznohoy.com\/index.php?rest_route=\/wp\/v2\/types\/post"}],"author":[{"embeddable":true,"href":"https:\/\/duraznohoy.com\/index.php?rest_route=\/wp\/v2\/users\/2"}],"replies":[{"embeddable":true,"href":"https:\/\/duraznohoy.com\/index.php?rest_route=%2Fwp%2Fv2%2Fcomments&post=23469"}],"version-history":[{"count":0,"href":"https:\/\/duraznohoy.com\/index.php?rest_route=\/wp\/v2\/posts\/23469\/revisions"}],"wp:featuredmedia":[{"embeddable":true,"href":"https:\/\/duraznohoy.com\/index.php?rest_route=\/wp\/v2\/media\/23470"}],"wp:attachment":[{"href":"https:\/\/duraznohoy.com\/index.php?rest_route=%2Fwp%2Fv2%2Fmedia&parent=23469"}],"wp:term":[{"taxonomy":"category","embeddable":true,"href":"https:\/\/duraznohoy.com\/index.php?rest_route=%2Fwp%2Fv2%2Fcategories&post=23469"},{"taxonomy":"post_tag","embeddable":true,"href":"https:\/\/duraznohoy.com\/index.php?rest_route=%2Fwp%2Fv2%2Ftags&post=23469"}],"curies":[{"name":"wp","href":"https:\/\/api.w.org\/{rel}","templated":true}]}}