{"id":23477,"date":"2021-05-26T17:05:06","date_gmt":"2021-05-26T20:05:06","guid":{"rendered":"http:\/\/duraznohoy.com\/?p=23477"},"modified":"2021-05-26T17:05:06","modified_gmt":"2021-05-26T20:05:06","slug":"baby-temporada-se-iniciaria-en-agosto","status":"publish","type":"post","link":"https:\/\/duraznohoy.com\/?p=23477","title":{"rendered":"Baby: temporada se iniciar\u00eda en agosto."},"content":{"rendered":"<hr \/>\n<h3>En el encuentro,cumplido este martes del Consejo de la Liga de F\u00fatbol Infantil Ciudad de Durazno,\u00a0 a instancia de los clubes, con el apoyo un\u00e1nime de los neutrales, se resolvi\u00f3 establecer fines de agosto como fecha para iniciar la temporada 2021.<\/h3>\n<p>Como se recordar\u00e1, ONFI (Organizaci\u00f3n Nacional de F\u00fatbol Infantil), autoriz\u00f3 desde el lunes 24 del mes en curso el retorno a las pr\u00e1cticas.<\/p>\n<p>Pues bien, c\u00f3mo cada Liga es soberana, la de Durazno entendi\u00f3 que no est\u00e1n dadas las condiciones para un retorno seguro a los entrenamientos, a ra\u00edz de la dif\u00edcil situaci\u00f3n sanitaria que vive el departamento y todo el pa\u00eds.<\/p>\n<p>Es por ello, que los entrenamientos quedad prohibidos y reci\u00e9n se retomar\u00e1n los primeros d\u00edas del mes de agosto, siempre y cuando las condiciones est\u00e9n dadas, porque, para la LFICD, primero est\u00e1 la salud de sus semejantes.<\/p>\n<p>Se dej\u00f3 en claro por parte del Consejo Ejecutivo que preside <strong>Mario P\u00edriz Garc\u00eda<\/strong>, que, de constatarse la existencia de clubes entrenando antes de lo autorizado, habr\u00e1 duras sanciones.<\/p>\n<p>El ejecutivo valor\u00f3 la iniciativa de las instituciones, de dejar pasar los meses de junio y julio, y aguardar un tiempo prudencial para jugar los campeonatos, habida cuenta de la dif\u00edcil situaci\u00f3n que vive Durazno y el pa\u00eds a ra\u00edz del COVID-19.<\/p>\n<p>El Consejo de Liga se estar\u00e1 reuniendo cada 15 d\u00edas, para ir evaluando la situaci\u00f3n, dej\u00e1ndose en claro que, de ser necesario, el inicio del torneo se continuar\u00e1 postergando, teniendo en cuenta que ONFI marc\u00f3 el 28 de febrero como fecha l\u00edmite para finalizar los diferentes campeonatos.<\/p>\n<p>&nbsp; <\/p>\n","protected":false},"excerpt":{"rendered":"<p>En el encuentro,cumplido este martes del Consejo de la Liga de F\u00fatbol Infantil Ciudad de&#8230;<\/p>\n","protected":false},"author":2,"featured_media":23478,"comment_status":"closed","ping_status":"closed","sticky":false,"template":"","format":"standard","meta":{"footnotes":"","jetpack_publicize_message":"{title}\n\n{excerpt}\n\n{url}","jetpack_publicize_feature_enabled":true,"jetpack_social_post_already_shared":true,"jetpack_social_options":{"image_generator_settings":{"template":"fullscreen","default_image_id":0,"font":"","enabled":false},"version":2},"_wpas_customize_per_network":false},"categories":[33,78],"tags":[],"class_list":["post-23477","post","type-post","status-publish","format-standard","has-post-thumbnail","hentry","category-actualidad","category-liga-de-futbol-infantil"],"jetpack_publicize_connections":[],"_links":{"self":[{"href":"https:\/\/duraznohoy.com\/index.php?rest_route=\/wp\/v2\/posts\/23477","targetHints":{"allow":["GET"]}}],"collection":[{"href":"https:\/\/duraznohoy.com\/index.php?rest_route=\/wp\/v2\/posts"}],"about":[{"href":"https:\/\/duraznohoy.com\/index.php?rest_route=\/wp\/v2\/types\/post"}],"author":[{"embeddable":true,"href":"https:\/\/duraznohoy.com\/index.php?rest_route=\/wp\/v2\/users\/2"}],"replies":[{"embeddable":true,"href":"https:\/\/duraznohoy.com\/index.php?rest_route=%2Fwp%2Fv2%2Fcomments&post=23477"}],"version-history":[{"count":0,"href":"https:\/\/duraznohoy.com\/index.php?rest_route=\/wp\/v2\/posts\/23477\/revisions"}],"wp:featuredmedia":[{"embeddable":true,"href":"https:\/\/duraznohoy.com\/index.php?rest_route=\/wp\/v2\/media\/23478"}],"wp:attachment":[{"href":"https:\/\/duraznohoy.com\/index.php?rest_route=%2Fwp%2Fv2%2Fmedia&parent=23477"}],"wp:term":[{"taxonomy":"category","embeddable":true,"href":"https:\/\/duraznohoy.com\/index.php?rest_route=%2Fwp%2Fv2%2Fcategories&post=23477"},{"taxonomy":"post_tag","embeddable":true,"href":"https:\/\/duraznohoy.com\/index.php?rest_route=%2Fwp%2Fv2%2Ftags&post=23477"}],"curies":[{"name":"wp","href":"https:\/\/api.w.org\/{rel}","templated":true}]}}