{"id":23490,"date":"2021-05-26T22:06:37","date_gmt":"2021-05-27T01:06:37","guid":{"rendered":"http:\/\/duraznohoy.com\/?p=23490"},"modified":"2021-05-26T22:06:37","modified_gmt":"2021-05-27T01:06:37","slug":"reunion-con-inmujeres","status":"publish","type":"post","link":"https:\/\/duraznohoy.com\/?p=23490","title":{"rendered":"Reuni\u00f3n con Inmujeres"},"content":{"rendered":"<p><img loading=\"lazy\" decoding=\"async\" src=\"https:\/\/duraznohoy.com\/wp-content\/uploads\/2021\/05\/WhatsApp-Image-2021-05-26-at-15.55.43-300x200.jpeg\" alt=\"\" width=\"300\" height=\"200\" class=\"alignnone size-medium wp-image-23491\" srcset=\"https:\/\/duraznohoy.com\/wp-content\/uploads\/2021\/05\/WhatsApp-Image-2021-05-26-at-15.55.43-300x200.jpeg 300w, https:\/\/duraznohoy.com\/wp-content\/uploads\/2021\/05\/WhatsApp-Image-2021-05-26-at-15.55.43-1024x684.jpeg 1024w, https:\/\/duraznohoy.com\/wp-content\/uploads\/2021\/05\/WhatsApp-Image-2021-05-26-at-15.55.43-768x513.jpeg 768w, https:\/\/duraznohoy.com\/wp-content\/uploads\/2021\/05\/WhatsApp-Image-2021-05-26-at-15.55.43-1536x1026.jpeg 1536w, https:\/\/duraznohoy.com\/wp-content\/uploads\/2021\/05\/WhatsApp-Image-2021-05-26-at-15.55.43.jpeg 1600w\" sizes=\"auto, (max-width: 300px) 100vw, 300px\" \/><br \/>\nEn la tarde de hoy el Intendente Carmelo Vidal\u00edn, recibi\u00f3 a la Ing. Andrea Maddalena, directora de la Divisi\u00f3n Descentralizaci\u00f3n del Instituto Nacional de las Mujeres (INMujeres).<br \/>\nSe abordaron temas de inter\u00e9s que comparten ambas instituciones.<br \/>\nLa reuni\u00f3n con Vidal\u00edn tuvo por objetivo \u00abcompartir con la Intendencia las l\u00edneas de trabajo, las l\u00edneas estrat\u00e9gicas que el instituto viene llevando a cabo en territorio, priorizando las realidades y las situaciones de violencia basada en g\u00e9nero\u00bb.<br \/>\nPermiti\u00f3 adem\u00e1s avanzar en la intenci\u00f3n de renovar el convenio existente entre ambas instituciones, la IDD e INMujeres \u00abrenovarlo formalmente aunque nunca se dej\u00f3 de atender en la ciudad de Sarand\u00ed del Yi en donde la intendencia aporta t\u00e9cnicas para ese servicio e INMujeres todo lo que tiene que ver con capacitaci\u00f3n, apoyo y seguimiento. Fue uno de los temas centrales\u00bb, dijo Maddalena.<br \/>\nMediante una visita en Pueblo Centenario previendo el impacto de la obra de UPM 2 en la zona dijo que \u00abah\u00ed tenemos un gran trabajo social y tambi\u00e9n dispositivos para desplegar en lo que tiene que ver con prevenci\u00f3n y atenci\u00f3n en situaciones de violencia basada en g\u00e9nero y tambi\u00e9n en lo que tiene que ver con evitar la explotaci\u00f3n de ni\u00f1os y de ni\u00f1as y la prostituci\u00f3n. Por lo tanto, recorrer zonas donde el Estado debe estar presente y el instituto como \u00f3rgano rector de las pol\u00edticas de g\u00e9nero en todas las estructuras del Estado.<br \/>\nTrabajar intensamente de manera directa y a trav\u00e9s de organizaciones no gubernamentales que convenian con el mismo\u00bb.<br \/>\nLa directora de Descentralizaci\u00f3n de INMujeres, destac\u00f3 la disposici\u00f3n del Intendente Vidal\u00edn \u00absu apoyo, el compromiso que tiene tambi\u00e9n con estas realidades y la idea de poder seguir trabajando mancomunadamente en zonas tambi\u00e9n tan complejas como en este caso Pueblo Centenario, tambi\u00e9n Sarand\u00ed del Yi\u00bb. <\/p>\n","protected":false},"excerpt":{"rendered":"<p>En la tarde de hoy el Intendente Carmelo Vidal\u00edn, recibi\u00f3 a la Ing. Andrea Maddalena,&#8230;<\/p>\n","protected":false},"author":26,"featured_media":23491,"comment_status":"closed","ping_status":"closed","sticky":false,"template":"","format":"standard","meta":{"footnotes":"","jetpack_publicize_message":"{title}\n\n{excerpt}\n\n{url}","jetpack_publicize_feature_enabled":true,"jetpack_social_post_already_shared":true,"jetpack_social_options":{"image_generator_settings":{"template":"fullscreen","default_image_id":0,"font":"","enabled":false},"version":2},"_wpas_customize_per_network":false},"categories":[33],"tags":[],"class_list":["post-23490","post","type-post","status-publish","format-standard","has-post-thumbnail","hentry","category-actualidad"],"jetpack_publicize_connections":[],"_links":{"self":[{"href":"https:\/\/duraznohoy.com\/index.php?rest_route=\/wp\/v2\/posts\/23490","targetHints":{"allow":["GET"]}}],"collection":[{"href":"https:\/\/duraznohoy.com\/index.php?rest_route=\/wp\/v2\/posts"}],"about":[{"href":"https:\/\/duraznohoy.com\/index.php?rest_route=\/wp\/v2\/types\/post"}],"author":[{"embeddable":true,"href":"https:\/\/duraznohoy.com\/index.php?rest_route=\/wp\/v2\/users\/26"}],"replies":[{"embeddable":true,"href":"https:\/\/duraznohoy.com\/index.php?rest_route=%2Fwp%2Fv2%2Fcomments&post=23490"}],"version-history":[{"count":0,"href":"https:\/\/duraznohoy.com\/index.php?rest_route=\/wp\/v2\/posts\/23490\/revisions"}],"wp:featuredmedia":[{"embeddable":true,"href":"https:\/\/duraznohoy.com\/index.php?rest_route=\/wp\/v2\/media\/23491"}],"wp:attachment":[{"href":"https:\/\/duraznohoy.com\/index.php?rest_route=%2Fwp%2Fv2%2Fmedia&parent=23490"}],"wp:term":[{"taxonomy":"category","embeddable":true,"href":"https:\/\/duraznohoy.com\/index.php?rest_route=%2Fwp%2Fv2%2Fcategories&post=23490"},{"taxonomy":"post_tag","embeddable":true,"href":"https:\/\/duraznohoy.com\/index.php?rest_route=%2Fwp%2Fv2%2Ftags&post=23490"}],"curies":[{"name":"wp","href":"https:\/\/api.w.org\/{rel}","templated":true}]}}