{"id":23495,"date":"2021-05-27T15:10:27","date_gmt":"2021-05-27T18:10:27","guid":{"rendered":"http:\/\/duraznohoy.com\/?p=23495"},"modified":"2021-05-27T15:10:27","modified_gmt":"2021-05-27T18:10:27","slug":"estudiantes-de-utec-reciben-sus-titulos","status":"publish","type":"post","link":"https:\/\/duraznohoy.com\/?p=23495","title":{"rendered":"Estudiantes de UTEC reciben sus t\u00edtulos."},"content":{"rendered":"<h3><img loading=\"lazy\" decoding=\"async\" class=\"size-medium wp-image-23496 alignright\" src=\"https:\/\/duraznohoy.com\/wp-content\/uploads\/2021\/05\/URTEC-ENTREGA.1jpg-300x232.jpg\" alt=\"\" width=\"300\" height=\"232\" srcset=\"https:\/\/duraznohoy.com\/wp-content\/uploads\/2021\/05\/URTEC-ENTREGA.1jpg-300x232.jpg 300w, https:\/\/duraznohoy.com\/wp-content\/uploads\/2021\/05\/URTEC-ENTREGA.1jpg.jpg 672w\" sizes=\"auto, (max-width: 300px) 100vw, 300px\" \/>UTEC viene desarrollando las primeras ceremonias de titulaciones virtuales del a\u00f1o.<\/h3>\n<p>Ya se cumpli\u00f3 la primera en la regi\u00f3n Norte el \u00a0martes 25 y este viernes 28 de mayo se cumplir\u00e1 la segunda.<\/p>\n<p>En el caso del ITR Norte recibien t\u00edtulos intermedios diez estudiantes de las generaciones 2017 y 2018 de la Ingenier\u00eda en Log\u00edstica, y por primera vez se grad\u00faan dos estudiantes del Tecn\u00f3logo en Mecatr\u00f3nica Industrial.<\/p>\n<p>Para el ITR Suroeste tambi\u00e9n ser\u00e1 una ceremonia especial por tratarse de los primeros Tecn\u00f3logos en Sistemas de Manejo en Producci\u00f3n Lechera (modalidad dual) en recibir sus t\u00edtulos. Tambi\u00e9n obtendr\u00e1n su t\u00edtulo intermedio o de egreso estudiantes de las carreras: Licenciatura en Tecnolog\u00edas de la Informaci\u00f3n (que se imparte en Durazno y Fray Bentos) y Licenciatura en An\u00e1lisis Alimentario, Tecn\u00f3logo en Mecatr\u00f3nica y Tecn\u00f3logo en Log\u00edstica, del ITR Suroeste.<\/p>\n<p>Finalmente, se har\u00e1 el acto de colaci\u00f3n de la primera generaci\u00f3n de la Maestr\u00eda Profesional en Ciencia de Datos, programa de UTEC, Ceibal, ANII, con el apoyo acad\u00e9mico del MIT.<\/p>\n<p><strong>Las ceremonias se transmitir\u00e1n en vivo por el canal de YouTube de UTEC para quienes deseen acompa\u00f1ar desde la distancia.<\/strong><\/p>\n<p>&nbsp;<\/p>\n<h3><strong>Volver a la vida acad\u00e9mica<\/strong><\/h3>\n<p><strong>Mar\u00eda Espinosa<\/strong> recibe su t\u00edtulo de Licenciada en Tecnolog\u00edas de la Informaci\u00f3n en el centro del pa\u00eds. <strong><em>\u201cEste es sin dudas un momento muy emotivo porque adem\u00e1s de la satisfacci\u00f3n por lograr la meta que era el t\u00edtulo, es el cierre de un ciclo que sin duda fue el m\u00e1s desafiante y enriquecedor que me toc\u00f3 vivir tanto acad\u00e9mica como humanamente\u201d,<\/em><\/strong> indic\u00f3.<\/p>\n<p>Mar\u00eda destac\u00f3 la importancia del formato semipresencial de la carrera <strong><em>\u201cera la \u00fanica modalidad que me permitir\u00eda volver a la vida acad\u00e9mica ya que me encontraba trabajando como docente en Secundaria, adem\u00e1s ten\u00eda un emprendimiento propio y todas las responsabilidades de una vida adulta que me imped\u00edan viajar todos los d\u00edas\u00a8, s<\/em><\/strong>e\u00f1al\u00f3.<\/p>\n<p>Con respecto a la comunidad UTEC sostuvo que <strong><em>\u201cfue fundamental el apoyo del grupo humano, la forma en que los cursos estaban estructurados, el equipo docente y administrativos de UTEC, siempre atentos y cerca a pesar de las distancias\u201d<\/em><\/strong>. Mar\u00eda agreg\u00f3 que <strong><em>\u201ctodos los compa\u00f1eros, cada uno con su realidad y de lugares tan distintos me aportaron mucho\u201d,<\/em><\/strong> tanto as\u00ed que algunos se transformaron en amigos.<\/p>\n<p>&nbsp; <\/p>\n","protected":false},"excerpt":{"rendered":"<p>UTEC viene desarrollando las primeras ceremonias de titulaciones virtuales del a\u00f1o. Ya se cumpli\u00f3 la&#8230;<\/p>\n","protected":false},"author":2,"featured_media":23497,"comment_status":"closed","ping_status":"closed","sticky":false,"template":"","format":"standard","meta":{"footnotes":"","jetpack_publicize_message":"{title}\n\n{excerpt}\n\n{url}","jetpack_publicize_feature_enabled":true,"jetpack_social_post_already_shared":true,"jetpack_social_options":{"image_generator_settings":{"template":"fullscreen","default_image_id":0,"font":"","enabled":false},"version":2},"_wpas_customize_per_network":false},"categories":[8],"tags":[],"class_list":["post-23495","post","type-post","status-publish","format-standard","has-post-thumbnail","hentry","category-educacion"],"jetpack_publicize_connections":[],"_links":{"self":[{"href":"https:\/\/duraznohoy.com\/index.php?rest_route=\/wp\/v2\/posts\/23495","targetHints":{"allow":["GET"]}}],"collection":[{"href":"https:\/\/duraznohoy.com\/index.php?rest_route=\/wp\/v2\/posts"}],"about":[{"href":"https:\/\/duraznohoy.com\/index.php?rest_route=\/wp\/v2\/types\/post"}],"author":[{"embeddable":true,"href":"https:\/\/duraznohoy.com\/index.php?rest_route=\/wp\/v2\/users\/2"}],"replies":[{"embeddable":true,"href":"https:\/\/duraznohoy.com\/index.php?rest_route=%2Fwp%2Fv2%2Fcomments&post=23495"}],"version-history":[{"count":0,"href":"https:\/\/duraznohoy.com\/index.php?rest_route=\/wp\/v2\/posts\/23495\/revisions"}],"wp:featuredmedia":[{"embeddable":true,"href":"https:\/\/duraznohoy.com\/index.php?rest_route=\/wp\/v2\/media\/23497"}],"wp:attachment":[{"href":"https:\/\/duraznohoy.com\/index.php?rest_route=%2Fwp%2Fv2%2Fmedia&parent=23495"}],"wp:term":[{"taxonomy":"category","embeddable":true,"href":"https:\/\/duraznohoy.com\/index.php?rest_route=%2Fwp%2Fv2%2Fcategories&post=23495"},{"taxonomy":"post_tag","embeddable":true,"href":"https:\/\/duraznohoy.com\/index.php?rest_route=%2Fwp%2Fv2%2Ftags&post=23495"}],"curies":[{"name":"wp","href":"https:\/\/api.w.org\/{rel}","templated":true}]}}