{"id":23499,"date":"2021-05-27T20:03:25","date_gmt":"2021-05-27T23:03:25","guid":{"rendered":"http:\/\/duraznohoy.com\/?p=23499"},"modified":"2021-05-27T20:03:25","modified_gmt":"2021-05-27T23:03:25","slug":"cuidado-con-el-fuego-3","status":"publish","type":"post","link":"https:\/\/duraznohoy.com\/?p=23499","title":{"rendered":"Cuidado con el fuego."},"content":{"rendered":"<h3><strong>Cuando llega el fr\u00edo el riesgo de un incendio en las viviendas aumenta. Adem\u00e1s, en este a\u00f1o de pandemia donde permanecemos m\u00e1s que nunca en casa, la rutina ha hecho que consumamos m\u00e1s energ\u00eda y necesitemos que nuestra vivienda est\u00e9 calentita en inverno.<\/strong><\/h3>\n<p>Muchas personas teletrabajan o por la situaci\u00f3n de riesgo que vive, permanecen en sus hogares muchas horas al d\u00eda. Tenemos cada vez m\u00e1s equipos electr\u00f3nicos a nuestro lado: m\u00f3viles, tabletas, ordenadores y a todo eso le a\u00f1adimos las estufas, calentadores y calderas. Es por ello por lo que hay que tener mucha prevenci\u00f3n para que no se produzcan incendios en nuestro hogar.<\/p>\n<p>El jefe de la zona IV de Bomberos <strong>Crio. Mayor H\u00e9ctor Machado<\/strong> confirm\u00f3 en conferencia de prensa en la ma\u00f1ana de este jueves, que el Incendio de la vivienda en Villa del Carmen, sobre lo cual inform\u00e1ramos ayer, \u00a0fue por factor humano.<\/p>\n<p>Machado desminti\u00f3 una versi\u00f3n de que el veh\u00edculo bomberil que lleg\u00f3 a la casa siniestrada, carec\u00eda de agua.<\/p>\n<p>Reiter\u00f3 la \u00a0exhortaci\u00f3n a la poblaci\u00f3n <strong><em>\u201ca utilizar correctamente, todos los sistemas de calefacci\u00f3n, y evitar la sobre carga en los tomacorrientes de una casa.De estar deteriorados se aconseja sustituir los artefactos al igual que el cableado interno de la vivienda, todo corroborado con un t\u00e9cnico electricista, porque la mayor\u00eda de los incendios son por factor antropol\u00f3gico, es decir error humano\u201d,<\/em><\/strong> <\/p>\n","protected":false},"excerpt":{"rendered":"<p>Cuando llega el fr\u00edo el riesgo de un incendio en las viviendas aumenta. Adem\u00e1s, en&#8230;<\/p>\n","protected":false},"author":2,"featured_media":23500,"comment_status":"closed","ping_status":"closed","sticky":false,"template":"","format":"standard","meta":{"footnotes":"","jetpack_publicize_message":"{title}\n\n{excerpt}\n\n{url}","jetpack_publicize_feature_enabled":true,"jetpack_social_post_already_shared":true,"jetpack_social_options":{"image_generator_settings":{"template":"fullscreen","default_image_id":0,"font":"","enabled":false},"version":2},"_wpas_customize_per_network":false},"categories":[33],"tags":[],"class_list":["post-23499","post","type-post","status-publish","format-standard","has-post-thumbnail","hentry","category-actualidad"],"jetpack_publicize_connections":[],"_links":{"self":[{"href":"https:\/\/duraznohoy.com\/index.php?rest_route=\/wp\/v2\/posts\/23499","targetHints":{"allow":["GET"]}}],"collection":[{"href":"https:\/\/duraznohoy.com\/index.php?rest_route=\/wp\/v2\/posts"}],"about":[{"href":"https:\/\/duraznohoy.com\/index.php?rest_route=\/wp\/v2\/types\/post"}],"author":[{"embeddable":true,"href":"https:\/\/duraznohoy.com\/index.php?rest_route=\/wp\/v2\/users\/2"}],"replies":[{"embeddable":true,"href":"https:\/\/duraznohoy.com\/index.php?rest_route=%2Fwp%2Fv2%2Fcomments&post=23499"}],"version-history":[{"count":0,"href":"https:\/\/duraznohoy.com\/index.php?rest_route=\/wp\/v2\/posts\/23499\/revisions"}],"wp:featuredmedia":[{"embeddable":true,"href":"https:\/\/duraznohoy.com\/index.php?rest_route=\/wp\/v2\/media\/23500"}],"wp:attachment":[{"href":"https:\/\/duraznohoy.com\/index.php?rest_route=%2Fwp%2Fv2%2Fmedia&parent=23499"}],"wp:term":[{"taxonomy":"category","embeddable":true,"href":"https:\/\/duraznohoy.com\/index.php?rest_route=%2Fwp%2Fv2%2Fcategories&post=23499"},{"taxonomy":"post_tag","embeddable":true,"href":"https:\/\/duraznohoy.com\/index.php?rest_route=%2Fwp%2Fv2%2Ftags&post=23499"}],"curies":[{"name":"wp","href":"https:\/\/api.w.org\/{rel}","templated":true}]}}