{"id":23508,"date":"2021-05-28T09:47:20","date_gmt":"2021-05-28T12:47:20","guid":{"rendered":"http:\/\/duraznohoy.com\/?p=23508"},"modified":"2021-05-28T09:47:20","modified_gmt":"2021-05-28T12:47:20","slug":"campana-movil-de-vacunacion-covid-19","status":"publish","type":"post","link":"https:\/\/duraznohoy.com\/?p=23508","title":{"rendered":"Campa\u00f1a m\u00f3vil de vacunaci\u00f3n Covid-19"},"content":{"rendered":"<p><img loading=\"lazy\" decoding=\"async\" src=\"https:\/\/duraznohoy.com\/wp-content\/uploads\/2021\/05\/IMG-20210525-WA0080-300x199.jpg\" alt=\"\" width=\"300\" height=\"199\" class=\"alignnone size-medium wp-image-23472\" srcset=\"https:\/\/duraznohoy.com\/wp-content\/uploads\/2021\/05\/IMG-20210525-WA0080-300x199.jpg 300w, https:\/\/duraznohoy.com\/wp-content\/uploads\/2021\/05\/IMG-20210525-WA0080-1024x678.jpg 1024w, https:\/\/duraznohoy.com\/wp-content\/uploads\/2021\/05\/IMG-20210525-WA0080-768x508.jpg 768w, https:\/\/duraznohoy.com\/wp-content\/uploads\/2021\/05\/IMG-20210525-WA0080-1536x1017.jpg 1536w, https:\/\/duraznohoy.com\/wp-content\/uploads\/2021\/05\/IMG-20210525-WA0080.jpg 1600w\" sizes=\"auto, (max-width: 300px) 100vw, 300px\" \/><br \/>\nSe est\u00e1 desarrollando una nueva campa\u00f1a de vacunaci\u00f3n anti Covid-19 en localidades del interior y en barrios de la ciudad de Durazno donde personal de la Comisi\u00f3n Honoraria de Lucha Antituberculosa y Enfermedades Prevalentes, con el apoyo del personal del Ministerio de Salud P\u00fablica, Policl\u00ednicas Locales, Ministerio del Interior e Intendencia, concurrir\u00e1n a las diferentes localidades y barrios para administrar la vacuna anti Covid-19.<br \/>\nEl p\u00fablico objetivo ser\u00e1n todas aquellas personas desde 18 a\u00f1os en adelante sin l\u00edmite de edad que residan en los barrios; localidades y parajes rurales de la zona de influencia que hasta el momento no hayan recibido la vacuna contra el Covid-19.<br \/>\nEl calendario de vacunaci\u00f3n se defini\u00f3 as\u00ed.<br \/>\nViernes 28 de mayo: Centenario de 12:00 a 17:00 horas (Gimnasio)<br \/>\nLunes 31 de mayo: Sarand\u00ed de Cuadras de 15:30 a 18:00 (Policl\u00ednica)<br \/>\nLunes 31 de mayo: Omb\u00faes de Oribe de 15:30 a 18:00 (Policl\u00ednica)<br \/>\nEn ciudad de Durazno:<br \/>\nViernes 28 de mayo CIB Las Higueras de 13:00 a 17:00 horas<br \/>\nMi\u00e9rcoles 02 de junio Policl\u00ednica La Amarilla de 10:00 a 13:00 horas.<br \/>\nJueves 03 de junio Policl\u00ednica San Francisco de 08:00 a 12:00 horas<br \/>\nViernes 04 de junio CIB Santa Bernardina de 09:00 a 12:00 horas. <\/p>\n","protected":false},"excerpt":{"rendered":"<p>Se est\u00e1 desarrollando una nueva campa\u00f1a de vacunaci\u00f3n anti Covid-19 en localidades del interior y&#8230;<\/p>\n","protected":false},"author":26,"featured_media":23472,"comment_status":"closed","ping_status":"closed","sticky":false,"template":"","format":"standard","meta":{"footnotes":"","jetpack_publicize_message":"{title}\n\n{excerpt}\n\n{url}","jetpack_publicize_feature_enabled":true,"jetpack_social_post_already_shared":true,"jetpack_social_options":{"image_generator_settings":{"template":"fullscreen","default_image_id":0,"font":"","enabled":false},"version":2},"_wpas_customize_per_network":false},"categories":[33],"tags":[],"class_list":["post-23508","post","type-post","status-publish","format-standard","has-post-thumbnail","hentry","category-actualidad"],"jetpack_publicize_connections":[],"_links":{"self":[{"href":"https:\/\/duraznohoy.com\/index.php?rest_route=\/wp\/v2\/posts\/23508","targetHints":{"allow":["GET"]}}],"collection":[{"href":"https:\/\/duraznohoy.com\/index.php?rest_route=\/wp\/v2\/posts"}],"about":[{"href":"https:\/\/duraznohoy.com\/index.php?rest_route=\/wp\/v2\/types\/post"}],"author":[{"embeddable":true,"href":"https:\/\/duraznohoy.com\/index.php?rest_route=\/wp\/v2\/users\/26"}],"replies":[{"embeddable":true,"href":"https:\/\/duraznohoy.com\/index.php?rest_route=%2Fwp%2Fv2%2Fcomments&post=23508"}],"version-history":[{"count":0,"href":"https:\/\/duraznohoy.com\/index.php?rest_route=\/wp\/v2\/posts\/23508\/revisions"}],"wp:featuredmedia":[{"embeddable":true,"href":"https:\/\/duraznohoy.com\/index.php?rest_route=\/wp\/v2\/media\/23472"}],"wp:attachment":[{"href":"https:\/\/duraznohoy.com\/index.php?rest_route=%2Fwp%2Fv2%2Fmedia&parent=23508"}],"wp:term":[{"taxonomy":"category","embeddable":true,"href":"https:\/\/duraznohoy.com\/index.php?rest_route=%2Fwp%2Fv2%2Fcategories&post=23508"},{"taxonomy":"post_tag","embeddable":true,"href":"https:\/\/duraznohoy.com\/index.php?rest_route=%2Fwp%2Fv2%2Ftags&post=23508"}],"curies":[{"name":"wp","href":"https:\/\/api.w.org\/{rel}","templated":true}]}}