{"id":23518,"date":"2021-05-28T21:50:58","date_gmt":"2021-05-29T00:50:58","guid":{"rendered":"http:\/\/duraznohoy.com\/?p=23518"},"modified":"2021-05-28T21:50:58","modified_gmt":"2021-05-29T00:50:58","slug":"barrido-otonal","status":"publish","type":"post","link":"https:\/\/duraznohoy.com\/?p=23518","title":{"rendered":"Barrido oto\u00f1al"},"content":{"rendered":"<p><img loading=\"lazy\" decoding=\"async\" src=\"https:\/\/duraznohoy.com\/wp-content\/uploads\/2021\/05\/IMG-20210528-WA0115-300x199.jpg\" alt=\"\" width=\"300\" height=\"199\" class=\"alignnone size-medium wp-image-23519\" srcset=\"https:\/\/duraznohoy.com\/wp-content\/uploads\/2021\/05\/IMG-20210528-WA0115-300x199.jpg 300w, https:\/\/duraznohoy.com\/wp-content\/uploads\/2021\/05\/IMG-20210528-WA0115-1024x678.jpg 1024w, https:\/\/duraznohoy.com\/wp-content\/uploads\/2021\/05\/IMG-20210528-WA0115-768x508.jpg 768w, https:\/\/duraznohoy.com\/wp-content\/uploads\/2021\/05\/IMG-20210528-WA0115-1536x1017.jpg 1536w, https:\/\/duraznohoy.com\/wp-content\/uploads\/2021\/05\/IMG-20210528-WA0115.jpg 1600w\" sizes=\"auto, (max-width: 300px) 100vw, 300px\" \/><\/p>\n<p>Se est\u00e1 realizando el barrido oto\u00f1al, la labor re\u00fane actualmente a 20 personas; 10 funcionarios del Departamento de Servicios IDD y 10 favorecidas en el\u00a0sorteo\u00a0\u201cJornales Solidarios\u201d, programa de empleo transitorio de emergencia y se sumar\u00e1n desde la pr\u00f3xima semana 50 beneficiados en el sorteo del Programa Oportunidades Laborales Fundaci\u00f3n A Ganar, por lo que el n\u00famero de personas en la recolecci\u00f3n de hojas ser\u00e1 de 70.<br \/>\nLa zona de influencia que abarcan los funcionarios de limpieza, barrido y recolecci\u00f3n dependientes de la Direcci\u00f3n del Departamento de Servicioses de 280 cuadras, en el radio de acci\u00f3n de calle Luis Batlle Berres (ruta 5), Ana Monterroso, Jos\u00e9 Pedro Varela, Avenida Circunvalaci\u00f3n, Terminal de \u00d3mnibus y Plaza Rod\u00f3, hasta el acceso Sur (Bandera).                         A esa labor se suma en cada barrio la tarea que realizan funcionarios de los Centros de Integraci\u00f3n Barrial (CIB). <\/p>\n","protected":false},"excerpt":{"rendered":"<p>Se est\u00e1 realizando el barrido oto\u00f1al, la labor re\u00fane actualmente a 20 personas; 10 funcionarios&#8230;<\/p>\n","protected":false},"author":26,"featured_media":23519,"comment_status":"closed","ping_status":"closed","sticky":false,"template":"","format":"standard","meta":{"footnotes":"","jetpack_publicize_message":"{title}\n\n{excerpt}\n\n{url}","jetpack_publicize_feature_enabled":true,"jetpack_social_post_already_shared":true,"jetpack_social_options":{"image_generator_settings":{"template":"fullscreen","default_image_id":0,"font":"","enabled":false},"version":2},"_wpas_customize_per_network":false},"categories":[33],"tags":[],"class_list":["post-23518","post","type-post","status-publish","format-standard","has-post-thumbnail","hentry","category-actualidad"],"jetpack_publicize_connections":[],"_links":{"self":[{"href":"https:\/\/duraznohoy.com\/index.php?rest_route=\/wp\/v2\/posts\/23518","targetHints":{"allow":["GET"]}}],"collection":[{"href":"https:\/\/duraznohoy.com\/index.php?rest_route=\/wp\/v2\/posts"}],"about":[{"href":"https:\/\/duraznohoy.com\/index.php?rest_route=\/wp\/v2\/types\/post"}],"author":[{"embeddable":true,"href":"https:\/\/duraznohoy.com\/index.php?rest_route=\/wp\/v2\/users\/26"}],"replies":[{"embeddable":true,"href":"https:\/\/duraznohoy.com\/index.php?rest_route=%2Fwp%2Fv2%2Fcomments&post=23518"}],"version-history":[{"count":0,"href":"https:\/\/duraznohoy.com\/index.php?rest_route=\/wp\/v2\/posts\/23518\/revisions"}],"wp:featuredmedia":[{"embeddable":true,"href":"https:\/\/duraznohoy.com\/index.php?rest_route=\/wp\/v2\/media\/23519"}],"wp:attachment":[{"href":"https:\/\/duraznohoy.com\/index.php?rest_route=%2Fwp%2Fv2%2Fmedia&parent=23518"}],"wp:term":[{"taxonomy":"category","embeddable":true,"href":"https:\/\/duraznohoy.com\/index.php?rest_route=%2Fwp%2Fv2%2Fcategories&post=23518"},{"taxonomy":"post_tag","embeddable":true,"href":"https:\/\/duraznohoy.com\/index.php?rest_route=%2Fwp%2Fv2%2Ftags&post=23518"}],"curies":[{"name":"wp","href":"https:\/\/api.w.org\/{rel}","templated":true}]}}