{"id":23536,"date":"2021-05-30T10:09:05","date_gmt":"2021-05-30T13:09:05","guid":{"rendered":"http:\/\/duraznohoy.com\/?p=23536"},"modified":"2021-05-30T10:09:05","modified_gmt":"2021-05-30T13:09:05","slug":"chau-campeon","status":"publish","type":"post","link":"https:\/\/duraznohoy.com\/?p=23536","title":{"rendered":"Chau campe\u00f3n!"},"content":{"rendered":"<figure id=\"attachment_23538\" aria-describedby=\"caption-attachment-23538\" style=\"width: 300px\" class=\"wp-caption alignright\"><img loading=\"lazy\" decoding=\"async\" class=\"size-medium wp-image-23538\" src=\"https:\/\/duraznohoy.com\/wp-content\/uploads\/2021\/05\/CAPOTTE-88-300x300.jpg\" alt=\"\" width=\"300\" height=\"300\" srcset=\"https:\/\/duraznohoy.com\/wp-content\/uploads\/2021\/05\/CAPOTTE-88-300x300.jpg 300w, https:\/\/duraznohoy.com\/wp-content\/uploads\/2021\/05\/CAPOTTE-88-150x150.jpg 150w, https:\/\/duraznohoy.com\/wp-content\/uploads\/2021\/05\/CAPOTTE-88.jpg 559w\" sizes=\"auto, (max-width: 300px) 100vw, 300px\" \/><figcaption id=\"caption-attachment-23538\" class=\"wp-caption-text\"><em><strong>Capote, al cumplir 88 a\u00f1os en octubre del 2020.(Foto:V\u00edctor D. Rodr\u00edguez).<\/strong><\/em><\/figcaption><\/figure>\n<h3>El f\u00fatbol de Durazno perdi\u00f3 en las \u00faltimas horas a uno de sus jugadores m\u00e1s laureados: Adolfo Galo Capote \u201cCunda\u201d.<\/h3>\n<p>Integrante de una selecci\u00f3n roja que se llen\u00f3 de gloria desde la d\u00e9cada del 50, Capote dej\u00f3 su sello, componiendo una defensa f\u00e9rrea pero no carente de t\u00e9cnica.<\/p>\n<p>Fue figura consular en esas consagraciones, alcanzado 9 t\u00edtulos con la casaca \u00abcolor pitanga\u00bb: 5 del Sur y 4 del Interior.<\/p>\n<p>En lo local, su amor fue el Centro Sportivo Uni\u00f3n Juvenil, el decano del f\u00fatbol duraznense.<\/p>\n<p>Su sepelio se cumplir\u00e1 en la tarde de este domingo a las 15.00 horas en el Cementerio local.<\/p>\n<p>&nbsp; <\/p>\n","protected":false},"excerpt":{"rendered":"<p>El f\u00fatbol de Durazno perdi\u00f3 en las \u00faltimas horas a uno de sus jugadores m\u00e1s&#8230;<\/p>\n","protected":false},"author":2,"featured_media":23537,"comment_status":"closed","ping_status":"closed","sticky":false,"template":"","format":"standard","meta":{"footnotes":"","jetpack_publicize_message":"{title}\n\n{excerpt}\n\n{url}","jetpack_publicize_feature_enabled":true,"jetpack_social_post_already_shared":true,"jetpack_social_options":{"image_generator_settings":{"template":"fullscreen","default_image_id":0,"font":"","enabled":false},"version":2},"_wpas_customize_per_network":false},"categories":[17],"tags":[],"class_list":["post-23536","post","type-post","status-publish","format-standard","has-post-thumbnail","hentry","category-deceso"],"jetpack_publicize_connections":[],"_links":{"self":[{"href":"https:\/\/duraznohoy.com\/index.php?rest_route=\/wp\/v2\/posts\/23536","targetHints":{"allow":["GET"]}}],"collection":[{"href":"https:\/\/duraznohoy.com\/index.php?rest_route=\/wp\/v2\/posts"}],"about":[{"href":"https:\/\/duraznohoy.com\/index.php?rest_route=\/wp\/v2\/types\/post"}],"author":[{"embeddable":true,"href":"https:\/\/duraznohoy.com\/index.php?rest_route=\/wp\/v2\/users\/2"}],"replies":[{"embeddable":true,"href":"https:\/\/duraznohoy.com\/index.php?rest_route=%2Fwp%2Fv2%2Fcomments&post=23536"}],"version-history":[{"count":0,"href":"https:\/\/duraznohoy.com\/index.php?rest_route=\/wp\/v2\/posts\/23536\/revisions"}],"wp:featuredmedia":[{"embeddable":true,"href":"https:\/\/duraznohoy.com\/index.php?rest_route=\/wp\/v2\/media\/23537"}],"wp:attachment":[{"href":"https:\/\/duraznohoy.com\/index.php?rest_route=%2Fwp%2Fv2%2Fmedia&parent=23536"}],"wp:term":[{"taxonomy":"category","embeddable":true,"href":"https:\/\/duraznohoy.com\/index.php?rest_route=%2Fwp%2Fv2%2Fcategories&post=23536"},{"taxonomy":"post_tag","embeddable":true,"href":"https:\/\/duraznohoy.com\/index.php?rest_route=%2Fwp%2Fv2%2Ftags&post=23536"}],"curies":[{"name":"wp","href":"https:\/\/api.w.org\/{rel}","templated":true}]}}