{"id":23540,"date":"2021-05-30T10:16:07","date_gmt":"2021-05-30T13:16:07","guid":{"rendered":"http:\/\/duraznohoy.com\/?p=23540"},"modified":"2021-05-30T10:16:07","modified_gmt":"2021-05-30T13:16:07","slug":"la-ballena-de-juan-angel","status":"publish","type":"post","link":"https:\/\/duraznohoy.com\/?p=23540","title":{"rendered":"La ballena de Juan Angel."},"content":{"rendered":"<p><strong>Por Carlos Fariello<\/strong><\/p>\n<p>Con su gab\u00e1n ra\u00eddo por el tiempo, Juan \u00c1ngel* camina por las estaciones que marca el calendario sin m\u00e1s fortuna que la que le proporciona perseguir un sue\u00f1o o alguna estrella.<\/p>\n<p>Un d\u00eda se detiene a conversar con Ricardo Berrutti y conmigo en la puerta de El Acontecer.<\/p>\n<p>Nosotros en un recreo de la redacci\u00f3n y Juan \u00c1ngel con la urgencia de una historia que tra\u00eda entre sus dientes.<\/p>\n<p>Es setiembre y el sol ya calienta por las tardes.<\/p>\n<p>Juan \u00c1ngel nos dice de la calor y de una ballena que tiene en el patio de su casa.<\/p>\n<p>Nos interesa su divague y vaya a saber, si por magia o por respeto le seguimos escuchando.<\/p>\n<p><strong><em>&#8211; La tengo atada en el patio porque si no se va, agrega<\/em><\/strong>.<\/p>\n<p>Y contin\u00faa con su estrafalaria narraci\u00f3n. Cuenta c\u00f3mo es de grande y que la pesc\u00f3 en el Y\u00ed.<\/p>\n<p>Mezcla de ni\u00f1o y de \u00e1ngel olvidado nos deja esa historia extra\u00f1a y original. Para nosotros pura fantas\u00eda.<\/p>\n<p>Mira hacia el suelo y con sus manos hurga en los bolsillos de su abrigo.<\/p>\n<p>Quedamos en silencio.<\/p>\n<p>Nos saluda con una amable despedida y sigue caminando con su renguera, calle Artigas abajo.<\/p>\n<p>Miramos el reloj y volvemos a la redacci\u00f3n para seguir con nuestras tareas.<\/p>\n<p>* Su nombre era Juan \u00c1ngel Gonz\u00e1lez <\/p>\n","protected":false},"excerpt":{"rendered":"<p>Por Carlos Fariello Con su gab\u00e1n ra\u00eddo por el tiempo, Juan \u00c1ngel* camina por las&#8230;<\/p>\n","protected":false},"author":2,"featured_media":23541,"comment_status":"closed","ping_status":"closed","sticky":false,"template":"","format":"standard","meta":{"footnotes":"","jetpack_publicize_message":"{title}\n\n{excerpt}\n\n{url}","jetpack_publicize_feature_enabled":true,"jetpack_social_post_already_shared":true,"jetpack_social_options":{"image_generator_settings":{"template":"fullscreen","default_image_id":0,"font":"","enabled":false},"version":2},"_wpas_customize_per_network":false},"categories":[33,41],"tags":[],"class_list":["post-23540","post","type-post","status-publish","format-standard","has-post-thumbnail","hentry","category-actualidad","category-recordando"],"jetpack_publicize_connections":[],"_links":{"self":[{"href":"https:\/\/duraznohoy.com\/index.php?rest_route=\/wp\/v2\/posts\/23540","targetHints":{"allow":["GET"]}}],"collection":[{"href":"https:\/\/duraznohoy.com\/index.php?rest_route=\/wp\/v2\/posts"}],"about":[{"href":"https:\/\/duraznohoy.com\/index.php?rest_route=\/wp\/v2\/types\/post"}],"author":[{"embeddable":true,"href":"https:\/\/duraznohoy.com\/index.php?rest_route=\/wp\/v2\/users\/2"}],"replies":[{"embeddable":true,"href":"https:\/\/duraznohoy.com\/index.php?rest_route=%2Fwp%2Fv2%2Fcomments&post=23540"}],"version-history":[{"count":0,"href":"https:\/\/duraznohoy.com\/index.php?rest_route=\/wp\/v2\/posts\/23540\/revisions"}],"wp:featuredmedia":[{"embeddable":true,"href":"https:\/\/duraznohoy.com\/index.php?rest_route=\/wp\/v2\/media\/23541"}],"wp:attachment":[{"href":"https:\/\/duraznohoy.com\/index.php?rest_route=%2Fwp%2Fv2%2Fmedia&parent=23540"}],"wp:term":[{"taxonomy":"category","embeddable":true,"href":"https:\/\/duraznohoy.com\/index.php?rest_route=%2Fwp%2Fv2%2Fcategories&post=23540"},{"taxonomy":"post_tag","embeddable":true,"href":"https:\/\/duraznohoy.com\/index.php?rest_route=%2Fwp%2Fv2%2Ftags&post=23540"}],"curies":[{"name":"wp","href":"https:\/\/api.w.org\/{rel}","templated":true}]}}