{"id":23554,"date":"2021-05-31T15:52:31","date_gmt":"2021-05-31T18:52:31","guid":{"rendered":"http:\/\/duraznohoy.com\/?p=23554"},"modified":"2021-05-31T15:52:31","modified_gmt":"2021-05-31T18:52:31","slug":"formalizados-por-hurto","status":"publish","type":"post","link":"https:\/\/duraznohoy.com\/?p=23554","title":{"rendered":"Formalizados por hurto."},"content":{"rendered":"<h3>Don hombres fueron formalizados por su participaci\u00f3n en el hurto de un reloj y dinero de una finca.<\/h3>\n<p>En horas de la tarde del d\u00eda martes 11 del corriente mes, se tom\u00f3 conocimiento en Comisar\u00eda 15ta., que en una finca sita en la jurisdicci\u00f3n, se hab\u00eda producido un hurto en el interior de una finca de donde se sustrajo la suma de $ 2.400 y un reloj de pulsera.<\/p>\n<p>Atento a lo expuesto de forma inmediata concurri\u00f3 al lugar personal de la Unidad antes referida, donde realizaron el procedimiento correspondiente, actuando en el lugar personal de Polic\u00eda Cient\u00edfica. A posterior se pudo establecer que no ser\u00edan ajenos al hecho dos hombrees mayores de edad, ambos poseedores de antecedentes judiciales, siendo detenidos y puesto a disposici\u00f3n de la fiscal\u00eda competente; donde a uno de ellos se lo logr\u00f3 vincular a otros delitos de hurto.<\/p>\n<p>Conducidos ante la justicia competente al t\u00e9rmino de la audiencia se dispuso para uno de los detenidos la formalizaci\u00f3n de la investigaci\u00f3n <strong><em>\u201cpor la presunta comisi\u00f3n de cuatro delitos de Hurto especialmente Agravados, uno de ellos en grado de tentativa, en reiteraci\u00f3n real en calidad autor\u201d, conden\u00e1ndoselo a la pena de 20 meses de prisi\u00f3n<\/em><\/strong> y para el restante se dispuso la <strong><em>formalizaci\u00f3n de la investigaci\u00f3n \u201cpor la presunta comisi\u00f3n de un delito de hurto en calidad de autor\u201d, conden\u00e1ndolo a la pena de 5 meses de prisi\u00f3n<\/em><\/strong> <\/p>\n","protected":false},"excerpt":{"rendered":"<p>Don hombres fueron formalizados por su participaci\u00f3n en el hurto de un reloj y dinero&#8230;<\/p>\n","protected":false},"author":2,"featured_media":23555,"comment_status":"closed","ping_status":"closed","sticky":false,"template":"","format":"standard","meta":{"footnotes":"","jetpack_publicize_message":"{title}\n\n{excerpt}\n\n{url}","jetpack_publicize_feature_enabled":true,"jetpack_social_post_already_shared":true,"jetpack_social_options":{"image_generator_settings":{"template":"fullscreen","default_image_id":0,"font":"","enabled":false},"version":2},"_wpas_customize_per_network":false},"categories":[33],"tags":[],"class_list":["post-23554","post","type-post","status-publish","format-standard","has-post-thumbnail","hentry","category-actualidad"],"jetpack_publicize_connections":[],"_links":{"self":[{"href":"https:\/\/duraznohoy.com\/index.php?rest_route=\/wp\/v2\/posts\/23554","targetHints":{"allow":["GET"]}}],"collection":[{"href":"https:\/\/duraznohoy.com\/index.php?rest_route=\/wp\/v2\/posts"}],"about":[{"href":"https:\/\/duraznohoy.com\/index.php?rest_route=\/wp\/v2\/types\/post"}],"author":[{"embeddable":true,"href":"https:\/\/duraznohoy.com\/index.php?rest_route=\/wp\/v2\/users\/2"}],"replies":[{"embeddable":true,"href":"https:\/\/duraznohoy.com\/index.php?rest_route=%2Fwp%2Fv2%2Fcomments&post=23554"}],"version-history":[{"count":0,"href":"https:\/\/duraznohoy.com\/index.php?rest_route=\/wp\/v2\/posts\/23554\/revisions"}],"wp:featuredmedia":[{"embeddable":true,"href":"https:\/\/duraznohoy.com\/index.php?rest_route=\/wp\/v2\/media\/23555"}],"wp:attachment":[{"href":"https:\/\/duraznohoy.com\/index.php?rest_route=%2Fwp%2Fv2%2Fmedia&parent=23554"}],"wp:term":[{"taxonomy":"category","embeddable":true,"href":"https:\/\/duraznohoy.com\/index.php?rest_route=%2Fwp%2Fv2%2Fcategories&post=23554"},{"taxonomy":"post_tag","embeddable":true,"href":"https:\/\/duraznohoy.com\/index.php?rest_route=%2Fwp%2Fv2%2Ftags&post=23554"}],"curies":[{"name":"wp","href":"https:\/\/api.w.org\/{rel}","templated":true}]}}