{"id":23558,"date":"2021-05-31T20:04:17","date_gmt":"2021-05-31T23:04:17","guid":{"rendered":"http:\/\/duraznohoy.com\/?p=23558"},"modified":"2021-05-31T20:04:17","modified_gmt":"2021-05-31T23:04:17","slug":"hay-21-casos-nuevos-de-covid-19-en-durazno","status":"publish","type":"post","link":"https:\/\/duraznohoy.com\/?p=23558","title":{"rendered":"Hay 21 casos nuevos de Covid-19 en Durazno"},"content":{"rendered":"<p><img loading=\"lazy\" decoding=\"async\" src=\"https:\/\/duraznohoy.com\/wp-content\/uploads\/2021\/05\/IMG-20210530-WA0068-300x650.jpg\" alt=\"\" width=\"300\" height=\"650\" class=\"alignnone size-medium wp-image-23559\" srcset=\"https:\/\/duraznohoy.com\/wp-content\/uploads\/2021\/05\/IMG-20210530-WA0068-300x650.jpg 300w, https:\/\/duraznohoy.com\/wp-content\/uploads\/2021\/05\/IMG-20210530-WA0068-473x1024.jpg 473w, https:\/\/duraznohoy.com\/wp-content\/uploads\/2021\/05\/IMG-20210530-WA0068-709x1536.jpg 709w, https:\/\/duraznohoy.com\/wp-content\/uploads\/2021\/05\/IMG-20210530-WA0068.jpg 720w\" sizes=\"auto, (max-width: 300px) 100vw, 300px\" \/><br \/>\nHoy se llevaron a cabo 16.889 an\u00e1lisis y se detectaron 3.046 nuevos casos de<br \/>\nCoronavirus COVID-19.<br \/>\nDe los 3.046 casos nuevos, 1.379 son de Montevideo, 393 de Canelones, 213 de<br \/>\nSalto, 184 de Maldonado, 159 de Paysand\u00fa, 136 de Colonia, 94 de Soriano, 92 de San Jos\u00e9, 74 de Artigas, 69 de Cerro Largo, 44 de Tacuaremb\u00f3, 43 de Rocha, 39 de Florida, 24 de Rivera, 22 de R\u00edo Negro, 21 de Durazno, 21 de Treinta y Tres, 20 de Flores y 19 de Lavalleja.<br \/>\nDesde que se declar\u00f3 la emergencia sanitaria el 13 de marzo de 2020 se han<br \/>\nprocesado 2.265.655 test y se han registrado 294.503 casos positivos de Coronavirus en todo el territorio nacional. De ese total 253.573 ya se recuperaron.<br \/>\nHoy se confirmaron 63 fallecimientos con diagn\u00f3stico de SARS-CoV-2 en nuestro pa\u00eds. Hasta el momento son 4.276 las defunciones con<br \/>\ndiagn\u00f3stico de COVID-19 en Uruguay.<\/p>\n","protected":false},"excerpt":{"rendered":"<p>Hoy se llevaron a cabo 16.889 an\u00e1lisis y se detectaron 3.046 nuevos casos de Coronavirus&#8230;<\/p>\n","protected":false},"author":26,"featured_media":23559,"comment_status":"closed","ping_status":"closed","sticky":false,"template":"","format":"standard","meta":{"footnotes":"","jetpack_publicize_message":"{title}\n\n{excerpt}\n\n{url}","jetpack_publicize_feature_enabled":true,"jetpack_social_post_already_shared":true,"jetpack_social_options":{"image_generator_settings":{"template":"fullscreen","default_image_id":0,"font":"","enabled":false},"version":2},"_wpas_customize_per_network":false},"categories":[33],"tags":[],"class_list":["post-23558","post","type-post","status-publish","format-standard","has-post-thumbnail","hentry","category-actualidad"],"jetpack_publicize_connections":[],"_links":{"self":[{"href":"https:\/\/duraznohoy.com\/index.php?rest_route=\/wp\/v2\/posts\/23558","targetHints":{"allow":["GET"]}}],"collection":[{"href":"https:\/\/duraznohoy.com\/index.php?rest_route=\/wp\/v2\/posts"}],"about":[{"href":"https:\/\/duraznohoy.com\/index.php?rest_route=\/wp\/v2\/types\/post"}],"author":[{"embeddable":true,"href":"https:\/\/duraznohoy.com\/index.php?rest_route=\/wp\/v2\/users\/26"}],"replies":[{"embeddable":true,"href":"https:\/\/duraznohoy.com\/index.php?rest_route=%2Fwp%2Fv2%2Fcomments&post=23558"}],"version-history":[{"count":0,"href":"https:\/\/duraznohoy.com\/index.php?rest_route=\/wp\/v2\/posts\/23558\/revisions"}],"wp:featuredmedia":[{"embeddable":true,"href":"https:\/\/duraznohoy.com\/index.php?rest_route=\/wp\/v2\/media\/23559"}],"wp:attachment":[{"href":"https:\/\/duraznohoy.com\/index.php?rest_route=%2Fwp%2Fv2%2Fmedia&parent=23558"}],"wp:term":[{"taxonomy":"category","embeddable":true,"href":"https:\/\/duraznohoy.com\/index.php?rest_route=%2Fwp%2Fv2%2Fcategories&post=23558"},{"taxonomy":"post_tag","embeddable":true,"href":"https:\/\/duraznohoy.com\/index.php?rest_route=%2Fwp%2Fv2%2Ftags&post=23558"}],"curies":[{"name":"wp","href":"https:\/\/api.w.org\/{rel}","templated":true}]}}