{"id":23627,"date":"2021-06-03T08:49:15","date_gmt":"2021-06-03T11:49:15","guid":{"rendered":"http:\/\/duraznohoy.com\/?p=23627"},"modified":"2021-06-03T08:49:15","modified_gmt":"2021-06-03T11:49:15","slug":"un-jardin-con-historia","status":"publish","type":"post","link":"https:\/\/duraznohoy.com\/?p=23627","title":{"rendered":"Un Jard\u00edn con historia."},"content":{"rendered":"<figure id=\"attachment_23629\" aria-describedby=\"caption-attachment-23629\" style=\"width: 274px\" class=\"wp-caption alignright\"><img loading=\"lazy\" decoding=\"async\" class=\"size-full wp-image-23629\" src=\"https:\/\/duraznohoy.com\/wp-content\/uploads\/2021\/06\/87A.jpg\" alt=\"\" width=\"274\" height=\"184\" \/><figcaption id=\"caption-attachment-23629\" class=\"wp-caption-text\"><strong>Imagen del \u00abRecreo Penza\u00bb del Foto Club Durazno.<\/strong><\/figcaption><\/figure>\n<h3>El Jard\u00edn de Infantes N\u00ba 87 acaba de cumplir 46 a\u00f1os, de una actividad educativa de suma importancia para la amplia zona barrial en la que se encuentra.<\/h3>\n<p>Vestigios del recordado \u201cRecreo de Penza\u201d , paseo creado por el Dr. Emilioo Penza, fuente de diversidad de \u00e1rboles, tra\u00eddos en exclusiva por \u00e9l, flanquean la entrada al local escolar, con sus muros y portones caracter\u00edsticos.<\/p>\n<p>Nos permitimos publicar en su homenaje, una hermosa poes\u00eda escrita por la poetisa Gloria Porto.<\/p>\n<p>&nbsp;<\/p>\n<p>Entre helechos y palmeras<\/p>\n<p>La historia enmarca su entrada<\/p>\n<p>port\u00f3n de alas abiertas<\/p>\n<p>para adentrarte en un mundo<\/p>\n<p>de helechos y de palmeras&#8230;<\/p>\n<p>Sus patios guardan vivencias<\/p>\n<p>que d\u00eda a d\u00eda alimentan<\/p>\n<p>los sue\u00f1os de tantos ni\u00f1os<\/p>\n<p>que siempre a sus brazos llegan&#8230;<\/p>\n<p>Cantares de trinos dulces<\/p>\n<p>que con las risas se mezclan<\/p>\n<p>las aulas que con su magia<\/p>\n<p>de delantales se adue\u00f1an,<\/p>\n<p>para vestir de alegr\u00eda<\/p>\n<p>ma\u00f1ana y tarde que sue\u00f1an<\/p>\n<p>con dibujar el futuro<\/p>\n<p>entre cuentos y rayuelas&#8230;<\/p>\n<p>Que nunca olvides tu infancia<\/p>\n<p>con crayolas y acuarelas<\/p>\n<p>para que duerma su historia<\/p>\n<p>entre helechos y palmeras&#8230;<\/p>\n<p>Gloria Porto Fabila<\/p>\n<p>D.A.R. Durazno, Uruguay.<\/p>\n<p>&nbsp;<\/p>\n<p>Felices 46 a\u00f1os Jard\u00edn de Infantes N\u00b0 87!!<\/p>\n<p>&nbsp; <\/p>\n","protected":false},"excerpt":{"rendered":"<p>El Jard\u00edn de Infantes N\u00ba 87 acaba de cumplir 46 a\u00f1os, de una actividad educativa&#8230;<\/p>\n","protected":false},"author":2,"featured_media":23628,"comment_status":"closed","ping_status":"closed","sticky":false,"template":"","format":"standard","meta":{"footnotes":"","jetpack_publicize_message":"{title}\n\n{excerpt}\n\n{url}","jetpack_publicize_feature_enabled":true,"jetpack_social_post_already_shared":true,"jetpack_social_options":{"image_generator_settings":{"template":"fullscreen","default_image_id":0,"font":"","enabled":false},"version":2},"_wpas_customize_per_network":false},"categories":[33],"tags":[],"class_list":["post-23627","post","type-post","status-publish","format-standard","has-post-thumbnail","hentry","category-actualidad"],"jetpack_publicize_connections":[],"_links":{"self":[{"href":"https:\/\/duraznohoy.com\/index.php?rest_route=\/wp\/v2\/posts\/23627","targetHints":{"allow":["GET"]}}],"collection":[{"href":"https:\/\/duraznohoy.com\/index.php?rest_route=\/wp\/v2\/posts"}],"about":[{"href":"https:\/\/duraznohoy.com\/index.php?rest_route=\/wp\/v2\/types\/post"}],"author":[{"embeddable":true,"href":"https:\/\/duraznohoy.com\/index.php?rest_route=\/wp\/v2\/users\/2"}],"replies":[{"embeddable":true,"href":"https:\/\/duraznohoy.com\/index.php?rest_route=%2Fwp%2Fv2%2Fcomments&post=23627"}],"version-history":[{"count":0,"href":"https:\/\/duraznohoy.com\/index.php?rest_route=\/wp\/v2\/posts\/23627\/revisions"}],"wp:featuredmedia":[{"embeddable":true,"href":"https:\/\/duraznohoy.com\/index.php?rest_route=\/wp\/v2\/media\/23628"}],"wp:attachment":[{"href":"https:\/\/duraznohoy.com\/index.php?rest_route=%2Fwp%2Fv2%2Fmedia&parent=23627"}],"wp:term":[{"taxonomy":"category","embeddable":true,"href":"https:\/\/duraznohoy.com\/index.php?rest_route=%2Fwp%2Fv2%2Fcategories&post=23627"},{"taxonomy":"post_tag","embeddable":true,"href":"https:\/\/duraznohoy.com\/index.php?rest_route=%2Fwp%2Fv2%2Ftags&post=23627"}],"curies":[{"name":"wp","href":"https:\/\/api.w.org\/{rel}","templated":true}]}}