{"id":23902,"date":"2021-06-19T00:50:24","date_gmt":"2021-06-19T03:50:24","guid":{"rendered":"http:\/\/duraznohoy.com\/?p=23902"},"modified":"2021-06-19T00:50:24","modified_gmt":"2021-06-19T03:50:24","slug":"inscriben-para-jornales-solidarios-2","status":"publish","type":"post","link":"https:\/\/duraznohoy.com\/?p=23902","title":{"rendered":"Inscriben para Jornales Solidarios."},"content":{"rendered":"<p><strong>La Intendencia Departamental de Durazno y la Fundaci\u00f3n A Ganar, habilitan un nuevo registro de inscripciones para el sorteo de cupos del programa Jornales Solidarios, empleo transitorio de emergencia destinado a personas de entre 18 y 65 a\u00f1os de edad en situaci\u00f3n de vulnerabilidad, desocupadas y sin ingresos formales.<\/strong><\/p>\n<p>El programa prev\u00e9 un 50 % de cupos para mujeres jefas de hogar.<\/p>\n<p>Se sortear\u00e1n para cada mes, agosto, setiembre y octubre 2021, respectivamente, cien cupos titulares y veinte suplentes.<\/p>\n<p>Per\u00edodo de inscripci\u00f3n; del viernes 18 al martes 22 de junio inclusive en la p\u00e1gina web de la intendencia: durazno.uy; o a trav\u00e9s de www.fundacionaganar.org; de forma presencial los d\u00edas viernes 18, lunes 21 y martes 22, con c\u00e9dula de identidad en los Centros de Integraci\u00f3n Barrial (CIB) de 10.00 a 14.00 horas; y en los Municipios de Villa del Carmen y Sarand\u00ed del Yi, y Juntas Locales de Carlos Reyles, Centenario, San Jorge, Blanquillo, La Paloma y Cerro Chato de 13.00 a 17.00 horas.<\/p>\n<p>CIB La Amarilla: Huascar Parallada esq. Juan Bautista de Le\u00f3n<\/p>\n<p>CIB Varona: Cerrito entre Salaberry y Batalla de Sarandi<\/p>\n<p>CIB Moroni: Andresito entre Pedro Trapani y D\u00edaz Alc\u00e1ntara<\/p>\n<p>CIB Las Higueras: Barrio Las Higueras, Riserio Llanes al final<\/p>\n<p>CIB Santa Bernardina: Liborio Irisarri 3533<\/p>\n<p>CIB Vista Linda: Etchechuri 678<\/p>\n<p>CIB Zona Este: Batlle y Ordo\u00f1ez entre Washington y Martin Etchegoyen<\/p>\n<p>CIB Plaza 1: Fructuoso Rivera 177 esq. P\u00e9rez Castellanos<\/p>\n<p><strong>SORTEO: VIERNES 25 HORA 13.00<\/strong><\/p>\n<p>La adjudicaci\u00f3n de cupos se har\u00e1 por sorteo p\u00fablico ante escribano, transmitido por el canal streaming de la IDD vivo.durazno, el viernes 25 de Junio, a partir de la hora 13.00, en el Centro Cultural Teatro Espa\u00f1ol. <\/p>\n","protected":false},"excerpt":{"rendered":"<p>La Intendencia Departamental de Durazno y la Fundaci\u00f3n A Ganar, habilitan un nuevo registro de&#8230;<\/p>\n","protected":false},"author":2,"featured_media":23903,"comment_status":"closed","ping_status":"closed","sticky":false,"template":"","format":"standard","meta":{"footnotes":"","jetpack_publicize_message":"{title}\n\n{excerpt}\n\n{url}","jetpack_publicize_feature_enabled":true,"jetpack_social_post_already_shared":true,"jetpack_social_options":{"image_generator_settings":{"template":"fullscreen","default_image_id":0,"font":"","enabled":false},"version":2},"_wpas_customize_per_network":false},"categories":[33,37],"tags":[],"class_list":["post-23902","post","type-post","status-publish","format-standard","has-post-thumbnail","hentry","category-actualidad","category-trabajo"],"jetpack_publicize_connections":[],"_links":{"self":[{"href":"https:\/\/duraznohoy.com\/index.php?rest_route=\/wp\/v2\/posts\/23902","targetHints":{"allow":["GET"]}}],"collection":[{"href":"https:\/\/duraznohoy.com\/index.php?rest_route=\/wp\/v2\/posts"}],"about":[{"href":"https:\/\/duraznohoy.com\/index.php?rest_route=\/wp\/v2\/types\/post"}],"author":[{"embeddable":true,"href":"https:\/\/duraznohoy.com\/index.php?rest_route=\/wp\/v2\/users\/2"}],"replies":[{"embeddable":true,"href":"https:\/\/duraznohoy.com\/index.php?rest_route=%2Fwp%2Fv2%2Fcomments&post=23902"}],"version-history":[{"count":0,"href":"https:\/\/duraznohoy.com\/index.php?rest_route=\/wp\/v2\/posts\/23902\/revisions"}],"wp:featuredmedia":[{"embeddable":true,"href":"https:\/\/duraznohoy.com\/index.php?rest_route=\/wp\/v2\/media\/23903"}],"wp:attachment":[{"href":"https:\/\/duraznohoy.com\/index.php?rest_route=%2Fwp%2Fv2%2Fmedia&parent=23902"}],"wp:term":[{"taxonomy":"category","embeddable":true,"href":"https:\/\/duraznohoy.com\/index.php?rest_route=%2Fwp%2Fv2%2Fcategories&post=23902"},{"taxonomy":"post_tag","embeddable":true,"href":"https:\/\/duraznohoy.com\/index.php?rest_route=%2Fwp%2Fv2%2Ftags&post=23902"}],"curies":[{"name":"wp","href":"https:\/\/api.w.org\/{rel}","templated":true}]}}